{"id":4563,"date":"2023-09-01T12:36:06","date_gmt":"2023-09-01T08:36:06","guid":{"rendered":"https:\/\/wise.travel\/?p=4563"},"modified":"2023-09-01T13:04:44","modified_gmt":"2023-09-01T09:04:44","slug":"mont-saint-michel-o-destinatie-turistica-de-neratat","status":"publish","type":"post","link":"https:\/\/wise.travel\/en\/mont-saint-michel-o-destinatie-turistica-de-neratat\/","title":{"rendered":"Mont Saint-Michel: O destina\u021bie turistic\u0103 de neratat!"},"content":{"rendered":"<p style=\"text-align: justify;\">Mont Saint-Michel din Fran\u021ba este o destina\u021bie special\u0103 datorit\u0103 mixului de istorie, arhitectur\u0103 spectaculoas\u0103 \u0219i frumuse\u021be natural\u0103. Mont Saint-Michel este un sat fortificat construit pe o st\u00e2nc\u0103 granitic\u0103 de 78 m \u00een\u0103l\u021bime, situat\u0103 \u00een Golful Saint-Malo din Marea M\u00e2necii. Unicitatea Mont Saint-Michel este dat\u0103 \u0219i de fenomenele de flux-reflux care transform\u0103 locul fie \u00een insul\u0103 (\u00een timpul fluxului), fie \u00een peninsul\u0103 (\u00een timpul refluxului). \u00cen aceast\u0103 zon\u0103 mareele ajung p\u00e2n\u0103 la 15 metri, fiind printre cele mai puternice din Europa. \u00cen timpul echinoc\u021biilor refluxul face ca marea s\u0103 se retrag\u0103 p\u00e2n\u0103 la 15-18 km.<\/p>\n<figure id=\"attachment_4566\" aria-describedby=\"caption-attachment-4566\" style=\"width: 581px\" class=\"wp-caption alignnone\"><img fetchpriority=\"high\" decoding=\"async\" class=\"wp-image-4566\" src=\"https:\/\/wise.travel\/wp-content\/uploads\/2023\/09\/msmforositeoficic-800x533.png\" alt=\"\" width=\"581\" height=\"387\" srcset=\"https:\/\/wise.travel\/wp-content\/uploads\/2023\/09\/msmforositeoficic-800x533.png 800w, https:\/\/wise.travel\/wp-content\/uploads\/2023\/09\/msmforositeoficic-510x339.png 510w, https:\/\/wise.travel\/wp-content\/uploads\/2023\/09\/msmforositeoficic-1622x1080.png 1622w, https:\/\/wise.travel\/wp-content\/uploads\/2023\/09\/msmforositeoficic-768x511.png 768w, https:\/\/wise.travel\/wp-content\/uploads\/2023\/09\/msmforositeoficic-1536x1022.png 1536w, https:\/\/wise.travel\/wp-content\/uploads\/2023\/09\/msmforositeoficic.png 1645w\" sizes=\"(max-width: 581px) 100vw, 581px\" \/><figcaption id=\"caption-attachment-4566\" class=\"wp-caption-text\"><strong>Surs\u0103 foto: Site oficial Mont Saint-Michel<\/strong><\/figcaption><\/figure>\n<p style=\"text-align: justify;\">Mont Saint-Michel este situat pe coasta francez\u0103 de nord-vest, \u00eentre Normandia \u0219i Bretania, la v\u0103rsarea r\u00e2ului Couesnon \u0219i are o suprafa\u021b\u0103 de 900 de metri. Aici exist\u0103 un sat cu 41 locuitori si o m\u0103n\u0103stire fortificat\u0103 cu turla \u00eenalt\u0103 de 170 m, ridicat\u0103 \u00eentre secolul al VIII-lea \u0219i secolele al XII-lea &#8211; al XIV-lea \u0219i \u00eenchinat\u0103 Arhanghelului Mihail. Muntele a avut un rol important \u00een istoria Fran\u021bei, fiind singurul loc care nu a fost cucerit de armata englez\u0103 \u00een timpul \u201cR\u0103zboiului de 100 de ani\u201d (1337-1453).<\/p>\n<p style=\"text-align: justify;\"><img decoding=\"async\" class=\"alignnone wp-image-4595\" src=\"https:\/\/wise.travel\/wp-content\/uploads\/2023\/09\/msm6-800x532.png\" alt=\"\" width=\"574\" height=\"382\" srcset=\"https:\/\/wise.travel\/wp-content\/uploads\/2023\/09\/msm6-800x532.png 800w, https:\/\/wise.travel\/wp-content\/uploads\/2023\/09\/msm6-510x339.png 510w, https:\/\/wise.travel\/wp-content\/uploads\/2023\/09\/msm6-1624x1080.png 1624w, https:\/\/wise.travel\/wp-content\/uploads\/2023\/09\/msm6-768x511.png 768w, https:\/\/wise.travel\/wp-content\/uploads\/2023\/09\/msm6-1536x1022.png 1536w, https:\/\/wise.travel\/wp-content\/uploads\/2023\/09\/msm6.png 1645w\" sizes=\"(max-width: 574px) 100vw, 574px\" \/><br \/>\nMuntele Saint-Michel este \u00een prezent unul dintre cele mai vizitate locuri din Fran\u021ba (cu cca. 3.200.000 de vizitatori anual). La finalul secolului al XIX-lea Mont Saint-Michel a fost legat de continent cu ajutorul unui dig-\u0219osea de acces. De-a lungul timpului Mont Saint-Michel a devenit un important loc de pelerinaj, datorit\u0103 m\u0103n\u0103stirii. Construc\u021bia m\u0103n\u0103stirii, unul dintre cele mai emblematice monumente istorice ale Fran\u021bei, a \u00eenceput \u00een secolul al VIII-lea. Construit\u0103 \u00een stil gotic, m\u0103n\u0103stirea este supranumit\u0103 \u201cLa Merveille\u201d (Miracolul). Aceasta a fost consolidat\u0103 de-a lungul timpului cu parape\u021bi \u0219i a fost \u00eenconjurat\u0103 de ziduri fortificate \u0219i turnuri de observare.<\/p>\n<p><img decoding=\"async\" class=\"alignnone wp-image-4565\" src=\"https:\/\/wise.travel\/wp-content\/uploads\/2023\/09\/msm19-800x531.png\" alt=\"\" width=\"586\" height=\"389\" srcset=\"https:\/\/wise.travel\/wp-content\/uploads\/2023\/09\/msm19-800x531.png 800w, https:\/\/wise.travel\/wp-content\/uploads\/2023\/09\/msm19-510x339.png 510w, https:\/\/wise.travel\/wp-content\/uploads\/2023\/09\/msm19-1626x1080.png 1626w, https:\/\/wise.travel\/wp-content\/uploads\/2023\/09\/msm19-768x510.png 768w, https:\/\/wise.travel\/wp-content\/uploads\/2023\/09\/msm19-1536x1020.png 1536w, https:\/\/wise.travel\/wp-content\/uploads\/2023\/09\/msm19.png 1644w\" sizes=\"(max-width: 586px) 100vw, 586px\" \/><\/p>\n<p style=\"text-align: justify;\">Str\u0103du\u021bele de pe Mont Saint-Michel sunt \u00eenguste, \u00eentortocheate, m\u0103rginite de ziduri \u0219i cl\u0103diri de piatr\u0103. Strada principal\u0103, Grande Rue, \u00een care se g\u0103sesc casele medievale ce au apar\u021binut pe vremuri pescarilor \u0219i fermierilor de aici, este plin\u0103 de magazine \u0219i restaurante.<\/p>\n<p><img loading=\"lazy\" decoding=\"async\" class=\"alignnone wp-image-4577\" src=\"https:\/\/wise.travel\/wp-content\/uploads\/2023\/09\/msmfotositeoficial-639x800.png\" alt=\"\" width=\"464\" height=\"581\" srcset=\"https:\/\/wise.travel\/wp-content\/uploads\/2023\/09\/msmfotositeoficial-639x800.png 639w, https:\/\/wise.travel\/wp-content\/uploads\/2023\/09\/msmfotositeoficial-510x638.png 510w, https:\/\/wise.travel\/wp-content\/uploads\/2023\/09\/msmfotositeoficial-863x1080.png 863w, https:\/\/wise.travel\/wp-content\/uploads\/2023\/09\/msmfotositeoficial-768x961.png 768w, https:\/\/wise.travel\/wp-content\/uploads\/2023\/09\/msmfotositeoficial.png 1102w\" sizes=\"(max-width: 464px) 100vw, 464px\" \/><\/p>\n<p>Din strada principal\u0103 Grand Rue se ajunge la o scar\u0103 cu 350 de trepte (Grand Degre) care duce c\u0103tre m\u0103n\u0103stire. Tot \u00een aceast\u0103 zon\u0103 se afl\u0103 \u0219i o gr\u0103din\u0103 care ofer\u0103 vizitatorilor momente de respiro \u00een drumul c\u0103tre m\u0103n\u0103stire.<\/p>\n<p style=\"text-align: justify;\">\u00cen ceea ce prive\u0219te cazarea ai mai multe op\u021biuni. \u00ce\u021bi po\u021bi rezerva cazarea chiar pe insula Mont Saint-Michel sau \u00een micile or\u0103\u0219ele din apropiere, precum Beauvoir, care este situat la aproximativ 1,5 km de Centrul de Informare Turistic\u0103 Mont Saint-Michel.<\/p>\n<p><img loading=\"lazy\" decoding=\"async\" class=\"alignnone wp-image-4585\" src=\"https:\/\/wise.travel\/wp-content\/uploads\/2023\/09\/msm17-800x598.png\" alt=\"\" width=\"544\" height=\"407\" srcset=\"https:\/\/wise.travel\/wp-content\/uploads\/2023\/09\/msm17-800x598.png 800w, https:\/\/wise.travel\/wp-content\/uploads\/2023\/09\/msm17-510x381.png 510w, https:\/\/wise.travel\/wp-content\/uploads\/2023\/09\/msm17-1446x1080.png 1446w, https:\/\/wise.travel\/wp-content\/uploads\/2023\/09\/msm17-768x574.png 768w, https:\/\/wise.travel\/wp-content\/uploads\/2023\/09\/msm17-1536x1147.png 1536w, https:\/\/wise.travel\/wp-content\/uploads\/2023\/09\/msm17.png 1644w\" sizes=\"(max-width: 544px) 100vw, 544px\" \/><\/p>\n<p style=\"text-align: justify;\">Istoria locului este una bogat\u0103. Totul a \u00eenceput \u00een secolul al VIII-lea atunci c\u00e2nd Episcopului Aubert din ora\u0219ul Avranches i-a ap\u0103rut de mai multe ori \u00een vis Arhanghelul Mihail spun\u00e2ndu-i s\u0103 construiasc\u0103 un sanctuar pe Muntele Tomba &#8211; actualul Mont Saint-Michel. Construc\u021bia m\u0103n\u0103stirii a \u00eenceput \u00een secolul al VIII-lea \u0219i a durat p\u00e2n\u0103 \u00een secolele XII-XIV. Denumit \u0219i \u201cOra\u0219ul C\u0103r\u021bilor\u201d datorit\u0103 faptului c\u0103 aici a existat o comunitate de c\u0103lug\u0103ri benedictini care copiau c\u0103r\u021bi (\u00eenainte de a se inventa tiparul), Mont Saint-Michel a devenit un loc de pelerinaj pentru cre\u0219tini \u0219i un cunoscut centru cultural medieval. \u00cen timpul R\u0103zboiului de 100 de ani Mont Saint-Michel a devenit o adev\u0103rat\u0103 fort\u0103rea\u021b\u0103, fiind construite aici metereze. \u0218apte turnuri sunt conectate printr-o pasarel\u0103, care este ast\u0103zi deschis\u0103 publicului. \u00cen urma Revolu\u021biei Franceze, c\u0103lug\u0103rii au fost nevoi\u021bi s\u0103 abandoneze m\u0103n\u0103stirea, care a devenit \u00eenchisoare de stat.\u00a0De atunci \u0219i p\u00e2n\u0103 \u00een 1863, 14.000 de prizonieri au trecut prin \u201eBastille of the Seas\u201d. \u00cen 1863, \u00eenchisoarea \u0219i-a \u00eencetat activitatea ca urmare a solicit\u0103rilor venite de la scriitorii \u0219i arti\u0219tii vremii. \u00cen 1864 Service des Monuments Historiques a restaurat cl\u0103direa \u0219i a deschis-o publicului.\u00a0\u00cen 1879 a fost construit un dig rutier care s\u0103 ofere acces la Mont Saint-Michel num\u0103rului tot mai mare de turi\u0219ti.<\/p>\n<div id='gallery-1' class='gallery galleryid-4563 gallery-columns-4 gallery-size-medium'><figure class='gallery-item'>\n\t\t\t<div class='gallery-icon landscape'>\n\t\t\t\t<a href='https:\/\/wise.travel\/en\/mont-saint-michel-o-destinatie-turistica-de-neratat\/msm24\/#main'><img loading=\"lazy\" decoding=\"async\" width=\"800\" height=\"533\" src=\"https:\/\/wise.travel\/wp-content\/uploads\/2023\/09\/msm24-800x533.png\" class=\"attachment-medium size-medium\" alt=\"\" srcset=\"https:\/\/wise.travel\/wp-content\/uploads\/2023\/09\/msm24-800x533.png 800w, https:\/\/wise.travel\/wp-content\/uploads\/2023\/09\/msm24-510x340.png 510w, https:\/\/wise.travel\/wp-content\/uploads\/2023\/09\/msm24-1620x1080.png 1620w, https:\/\/wise.travel\/wp-content\/uploads\/2023\/09\/msm24-768x512.png 768w, https:\/\/wise.travel\/wp-content\/uploads\/2023\/09\/msm24-1536x1024.png 1536w, https:\/\/wise.travel\/wp-content\/uploads\/2023\/09\/msm24.png 1645w\" sizes=\"(max-width: 800px) 100vw, 800px\" \/><\/a>\n\t\t\t<\/div><\/figure><figure class='gallery-item'>\n\t\t\t<div class='gallery-icon landscape'>\n\t\t\t\t<a href='https:\/\/wise.travel\/en\/mont-saint-michel-o-destinatie-turistica-de-neratat\/msm12\/#main'><img loading=\"lazy\" decoding=\"async\" width=\"800\" height=\"525\" src=\"https:\/\/wise.travel\/wp-content\/uploads\/2023\/09\/msm12-800x525.png\" class=\"attachment-medium size-medium\" alt=\"\" srcset=\"https:\/\/wise.travel\/wp-content\/uploads\/2023\/09\/msm12-800x525.png 800w, https:\/\/wise.travel\/wp-content\/uploads\/2023\/09\/msm12-510x335.png 510w, https:\/\/wise.travel\/wp-content\/uploads\/2023\/09\/msm12-768x504.png 768w, https:\/\/wise.travel\/wp-content\/uploads\/2023\/09\/msm12-1536x1008.png 1536w, https:\/\/wise.travel\/wp-content\/uploads\/2023\/09\/msm12.png 1638w\" sizes=\"(max-width: 800px) 100vw, 800px\" \/><\/a>\n\t\t\t<\/div><\/figure><figure class='gallery-item'>\n\t\t\t<div class='gallery-icon landscape'>\n\t\t\t\t<a href='https:\/\/wise.travel\/en\/mont-saint-michel-o-destinatie-turistica-de-neratat\/msm21\/#main'><img loading=\"lazy\" decoding=\"async\" width=\"800\" height=\"531\" src=\"https:\/\/wise.travel\/wp-content\/uploads\/2023\/09\/msm21-800x531.png\" class=\"attachment-medium size-medium\" alt=\"\" srcset=\"https:\/\/wise.travel\/wp-content\/uploads\/2023\/09\/msm21-800x531.png 800w, https:\/\/wise.travel\/wp-content\/uploads\/2023\/09\/msm21-510x339.png 510w, https:\/\/wise.travel\/wp-content\/uploads\/2023\/09\/msm21-1627x1080.png 1627w, https:\/\/wise.travel\/wp-content\/uploads\/2023\/09\/msm21-768x510.png 768w, https:\/\/wise.travel\/wp-content\/uploads\/2023\/09\/msm21-1536x1020.png 1536w, https:\/\/wise.travel\/wp-content\/uploads\/2023\/09\/msm21.png 1645w\" sizes=\"(max-width: 800px) 100vw, 800px\" \/><\/a>\n\t\t\t<\/div><\/figure><figure class='gallery-item'>\n\t\t\t<div class='gallery-icon landscape'>\n\t\t\t\t<a href='https:\/\/wise.travel\/en\/mont-saint-michel-o-destinatie-turistica-de-neratat\/msm11\/#main'><img loading=\"lazy\" decoding=\"async\" width=\"800\" height=\"533\" src=\"https:\/\/wise.travel\/wp-content\/uploads\/2023\/09\/msm11-800x533.png\" class=\"attachment-medium size-medium\" alt=\"\" srcset=\"https:\/\/wise.travel\/wp-content\/uploads\/2023\/09\/msm11-800x533.png 800w, https:\/\/wise.travel\/wp-content\/uploads\/2023\/09\/msm11-510x340.png 510w, https:\/\/wise.travel\/wp-content\/uploads\/2023\/09\/msm11-1621x1080.png 1621w, https:\/\/wise.travel\/wp-content\/uploads\/2023\/09\/msm11-768x512.png 768w, https:\/\/wise.travel\/wp-content\/uploads\/2023\/09\/msm11-1536x1023.png 1536w, https:\/\/wise.travel\/wp-content\/uploads\/2023\/09\/msm11.png 1642w\" sizes=\"(max-width: 800px) 100vw, 800px\" \/><\/a>\n\t\t\t<\/div><\/figure>\n\t\t<\/div>\n\n<p style=\"text-align: justify;\">Considerat \u00eenc\u0103 de pe vremea lui Napoleon al III-lea un important monument istoric de\u021binut de Stat, Mont Saint-Michel a beneficiat de un amplu program de restaurare. Din anul 1979, Mont Saint-Michel se afl\u0103 pe lista patrimoniului mondial cultural UNESCO.<\/p>\n<div id='gallery-2' class='gallery galleryid-4563 gallery-columns-4 gallery-size-medium'><figure class='gallery-item'>\n\t\t\t<div class='gallery-icon landscape'>\n\t\t\t\t<a href='https:\/\/wise.travel\/en\/mont-saint-michel-o-destinatie-turistica-de-neratat\/msm16\/#main'><img loading=\"lazy\" decoding=\"async\" width=\"800\" height=\"533\" src=\"https:\/\/wise.travel\/wp-content\/uploads\/2023\/09\/msm16-800x533.png\" class=\"attachment-medium size-medium\" alt=\"\" aria-describedby=\"gallery-2-4586\" srcset=\"https:\/\/wise.travel\/wp-content\/uploads\/2023\/09\/msm16-800x533.png 800w, https:\/\/wise.travel\/wp-content\/uploads\/2023\/09\/msm16-510x340.png 510w, https:\/\/wise.travel\/wp-content\/uploads\/2023\/09\/msm16-1621x1080.png 1621w, https:\/\/wise.travel\/wp-content\/uploads\/2023\/09\/msm16-768x512.png 768w, https:\/\/wise.travel\/wp-content\/uploads\/2023\/09\/msm16-1536x1023.png 1536w, https:\/\/wise.travel\/wp-content\/uploads\/2023\/09\/msm16.png 1645w\" sizes=\"(max-width: 800px) 100vw, 800px\" \/><\/a>\n\t\t\t<\/div>\n\t\t\t\t<figcaption class='wp-caption-text gallery-caption' id='gallery-2-4586'>\n\t\t\t\tMont Saint-Michel\n\t\t\t\t<\/figcaption><\/figure><figure class='gallery-item'>\n\t\t\t<div class='gallery-icon landscape'>\n\t\t\t\t<a href='https:\/\/wise.travel\/en\/mont-saint-michel-o-destinatie-turistica-de-neratat\/msms-abatia-foto-site-of\/#main'><img loading=\"lazy\" decoding=\"async\" width=\"800\" height=\"532\" src=\"https:\/\/wise.travel\/wp-content\/uploads\/2023\/09\/msms-abatia-foto-site-of-800x532.png\" class=\"attachment-medium size-medium\" alt=\"\" aria-describedby=\"gallery-2-4569\" srcset=\"https:\/\/wise.travel\/wp-content\/uploads\/2023\/09\/msms-abatia-foto-site-of-800x532.png 800w, https:\/\/wise.travel\/wp-content\/uploads\/2023\/09\/msms-abatia-foto-site-of-510x339.png 510w, https:\/\/wise.travel\/wp-content\/uploads\/2023\/09\/msms-abatia-foto-site-of-1624x1080.png 1624w, https:\/\/wise.travel\/wp-content\/uploads\/2023\/09\/msms-abatia-foto-site-of-768x511.png 768w, https:\/\/wise.travel\/wp-content\/uploads\/2023\/09\/msms-abatia-foto-site-of-1536x1022.png 1536w, https:\/\/wise.travel\/wp-content\/uploads\/2023\/09\/msms-abatia-foto-site-of.png 1645w\" sizes=\"(max-width: 800px) 100vw, 800px\" \/><\/a>\n\t\t\t<\/div>\n\t\t\t\t<figcaption class='wp-caption-text gallery-caption' id='gallery-2-4569'>\n\t\t\t\tM\u0103n\u0103stirea &#8211; Foto: Site Oficial Mont Saint-Michel\n\t\t\t\t<\/figcaption><\/figure><figure class='gallery-item'>\n\t\t\t<div class='gallery-icon landscape'>\n\t\t\t\t<a href='https:\/\/wise.travel\/en\/mont-saint-michel-o-destinatie-turistica-de-neratat\/msmabatie-view-foto-site-of\/#main'><img loading=\"lazy\" decoding=\"async\" width=\"800\" height=\"538\" src=\"https:\/\/wise.travel\/wp-content\/uploads\/2023\/09\/msmabatie-view-foto-site-of-800x538.png\" class=\"attachment-medium size-medium\" alt=\"\" aria-describedby=\"gallery-2-4568\" srcset=\"https:\/\/wise.travel\/wp-content\/uploads\/2023\/09\/msmabatie-view-foto-site-of-800x538.png 800w, https:\/\/wise.travel\/wp-content\/uploads\/2023\/09\/msmabatie-view-foto-site-of-510x343.png 510w, https:\/\/wise.travel\/wp-content\/uploads\/2023\/09\/msmabatie-view-foto-site-of-1605x1080.png 1605w, https:\/\/wise.travel\/wp-content\/uploads\/2023\/09\/msmabatie-view-foto-site-of-768x517.png 768w, https:\/\/wise.travel\/wp-content\/uploads\/2023\/09\/msmabatie-view-foto-site-of-1536x1033.png 1536w, https:\/\/wise.travel\/wp-content\/uploads\/2023\/09\/msmabatie-view-foto-site-of.png 1626w\" sizes=\"(max-width: 800px) 100vw, 800px\" \/><\/a>\n\t\t\t<\/div>\n\t\t\t\t<figcaption class='wp-caption-text gallery-caption' id='gallery-2-4568'>\n\t\t\t\tVedere din m\u0103n\u0103stire &#8211; Foto: Site Oficial Mont Saint-Michel\n\t\t\t\t<\/figcaption><\/figure><figure class='gallery-item'>\n\t\t\t<div class='gallery-icon landscape'>\n\t\t\t\t<a href='https:\/\/wise.travel\/en\/mont-saint-michel-o-destinatie-turistica-de-neratat\/msm7\/#main'><img loading=\"lazy\" decoding=\"async\" width=\"800\" height=\"532\" src=\"https:\/\/wise.travel\/wp-content\/uploads\/2023\/09\/msm7-800x532.png\" class=\"attachment-medium size-medium\" alt=\"\" aria-describedby=\"gallery-2-4594\" srcset=\"https:\/\/wise.travel\/wp-content\/uploads\/2023\/09\/msm7-800x532.png 800w, https:\/\/wise.travel\/wp-content\/uploads\/2023\/09\/msm7-510x339.png 510w, https:\/\/wise.travel\/wp-content\/uploads\/2023\/09\/msm7-1624x1080.png 1624w, https:\/\/wise.travel\/wp-content\/uploads\/2023\/09\/msm7-768x511.png 768w, https:\/\/wise.travel\/wp-content\/uploads\/2023\/09\/msm7-1536x1021.png 1536w, https:\/\/wise.travel\/wp-content\/uploads\/2023\/09\/msm7.png 1644w\" sizes=\"(max-width: 800px) 100vw, 800px\" \/><\/a>\n\t\t\t<\/div>\n\t\t\t\t<figcaption class='wp-caption-text gallery-caption' id='gallery-2-4594'>\n\t\t\t\tMont Saint-Michel\n\t\t\t\t<\/figcaption><\/figure>\n\t\t<\/div>\n\n<p style=\"text-align: justify;\">Pe Mont Saint-Michel sunt deschise \u00een prezent 4 muzee:\u00a0\u00a0Muzeul de Istorie, Muzeul Archeoscope, Muzeul Maritim \u0219i Casa Tiphaine. Turi\u0219tii mai pot vizita aici Biserica Saint-Pierre, Casa Pelerinului, Curtea Croix de Jerusalem, precum \u0219i cea mai \u00eengust\u0103 strad\u0103 de pe munte, Venelle du Guet, cunoscut\u0103 \u0219i sub denumirea de \u201eRuelle des cocus\u201d. De\u0219i \u00een Evul Mediu, st\u00e2nca g\u0103zduia 400 de locuitori, \u00een prezent num\u0103rul de locuitori este de cca. 41.<\/p>\n<div id='gallery-3' class='gallery galleryid-4563 gallery-columns-3 gallery-size-medium'><figure class='gallery-item'>\n\t\t\t<div class='gallery-icon landscape'>\n\t\t\t\t<a href='https:\/\/wise.travel\/en\/mont-saint-michel-o-destinatie-turistica-de-neratat\/msmmuzeu-istorie-site-of-foto\/#main'><img loading=\"lazy\" decoding=\"async\" width=\"800\" height=\"460\" src=\"https:\/\/wise.travel\/wp-content\/uploads\/2023\/09\/msmmuzeu-istorie-site-of-foto-800x460.png\" class=\"attachment-medium size-medium\" alt=\"\" aria-describedby=\"gallery-3-4573\" srcset=\"https:\/\/wise.travel\/wp-content\/uploads\/2023\/09\/msmmuzeu-istorie-site-of-foto-800x460.png 800w, https:\/\/wise.travel\/wp-content\/uploads\/2023\/09\/msmmuzeu-istorie-site-of-foto-510x293.png 510w, https:\/\/wise.travel\/wp-content\/uploads\/2023\/09\/msmmuzeu-istorie-site-of-foto-768x441.png 768w, https:\/\/wise.travel\/wp-content\/uploads\/2023\/09\/msmmuzeu-istorie-site-of-foto-1536x882.png 1536w, https:\/\/wise.travel\/wp-content\/uploads\/2023\/09\/msmmuzeu-istorie-site-of-foto.png 1645w\" sizes=\"(max-width: 800px) 100vw, 800px\" \/><\/a>\n\t\t\t<\/div>\n\t\t\t\t<figcaption class='wp-caption-text gallery-caption' id='gallery-3-4573'>\n\t\t\t\tMuzeul de Istorie &#8211; Foto: Site Oficial Mont Saint-Michel\n\t\t\t\t<\/figcaption><\/figure><figure class='gallery-item'>\n\t\t\t<div class='gallery-icon landscape'>\n\t\t\t\t<a href='https:\/\/wise.travel\/en\/mont-saint-michel-o-destinatie-turistica-de-neratat\/msmsfoto-archeoscope-site-of\/#main'><img loading=\"lazy\" decoding=\"async\" width=\"800\" height=\"519\" src=\"https:\/\/wise.travel\/wp-content\/uploads\/2023\/09\/msmsfoto-archeoscope-site-of-800x519.png\" class=\"attachment-medium size-medium\" alt=\"\" aria-describedby=\"gallery-3-4571\" srcset=\"https:\/\/wise.travel\/wp-content\/uploads\/2023\/09\/msmsfoto-archeoscope-site-of-800x519.png 800w, https:\/\/wise.travel\/wp-content\/uploads\/2023\/09\/msmsfoto-archeoscope-site-of-510x331.png 510w, https:\/\/wise.travel\/wp-content\/uploads\/2023\/09\/msmsfoto-archeoscope-site-of-768x498.png 768w, https:\/\/wise.travel\/wp-content\/uploads\/2023\/09\/msmsfoto-archeoscope-site-of-1536x996.png 1536w, https:\/\/wise.travel\/wp-content\/uploads\/2023\/09\/msmsfoto-archeoscope-site-of.png 1644w\" sizes=\"(max-width: 800px) 100vw, 800px\" \/><\/a>\n\t\t\t<\/div>\n\t\t\t\t<figcaption class='wp-caption-text gallery-caption' id='gallery-3-4571'>\n\t\t\t\tArcheoscope &#8211; Foto: Site Oficial Mont Saint-Michel\n\t\t\t\t<\/figcaption><\/figure><figure class='gallery-item'>\n\t\t\t<div class='gallery-icon landscape'>\n\t\t\t\t<a href='https:\/\/wise.travel\/en\/mont-saint-michel-o-destinatie-turistica-de-neratat\/muzeulmaritimmsmsfoto-dite-of\/#main'><img loading=\"lazy\" decoding=\"async\" width=\"800\" height=\"460\" src=\"https:\/\/wise.travel\/wp-content\/uploads\/2023\/09\/Muzeulmaritimmsmsfoto-dite-of-800x460.png\" class=\"attachment-medium size-medium\" alt=\"\" aria-describedby=\"gallery-3-4572\" srcset=\"https:\/\/wise.travel\/wp-content\/uploads\/2023\/09\/Muzeulmaritimmsmsfoto-dite-of-800x460.png 800w, https:\/\/wise.travel\/wp-content\/uploads\/2023\/09\/Muzeulmaritimmsmsfoto-dite-of-510x293.png 510w, https:\/\/wise.travel\/wp-content\/uploads\/2023\/09\/Muzeulmaritimmsmsfoto-dite-of-768x442.png 768w, https:\/\/wise.travel\/wp-content\/uploads\/2023\/09\/Muzeulmaritimmsmsfoto-dite-of-1536x884.png 1536w, https:\/\/wise.travel\/wp-content\/uploads\/2023\/09\/Muzeulmaritimmsmsfoto-dite-of.png 1644w\" sizes=\"(max-width: 800px) 100vw, 800px\" \/><\/a>\n\t\t\t<\/div>\n\t\t\t\t<figcaption class='wp-caption-text gallery-caption' id='gallery-3-4572'>\n\t\t\t\tExponat Muzeul Maritim &#8211; Foto: Site Oficial Mont Saint-Michel \n\t\t\t\t<\/figcaption><\/figure>\n\t\t<\/div>\n\n<p style=\"text-align: justify;\">Vizita la Mont Saint-Michel ofer\u0103 o priveli\u0219tea natural\u0103 unic\u0103, o arhitectur\u0103 impresionant\u0103 &#8211; cu influen\u021be gotice \u0219i romane -, precum \u0219i numeroase atrac\u021bii. Turi\u0219tii se pot plimba pe str\u0103zile \u00eenguste, pot vizita magazinele de suveniruri, restaurantele tradi\u021bionale, muzeele \u0219i m\u0103n\u0103stirea.<\/p>\n<p style=\"text-align: justify;\">Pe l\u00e2ng\u0103 obiectivele turistice oferite de Mont Saint-Michel, turi\u0219tii pot opta pentru diverse activit\u0103\u021bi. Vezi <a href=\"https:\/\/www.ot-montsaintmichel.com\/en\/plan-your-stay\/leisure-activities\/\">here<\/a> lista complet\u0103 a activit\u0103\u021bilor pentru turi\u0219ti!<\/p>\n<figure id=\"attachment_4576\" aria-describedby=\"caption-attachment-4576\" style=\"width: 615px\" class=\"wp-caption alignnone\"><img loading=\"lazy\" decoding=\"async\" class=\"wp-image-4576\" src=\"https:\/\/wise.travel\/wp-content\/uploads\/2023\/09\/msmfoto-site-of-800x537.png\" alt=\"\" width=\"615\" height=\"413\" srcset=\"https:\/\/wise.travel\/wp-content\/uploads\/2023\/09\/msmfoto-site-of-800x537.png 800w, https:\/\/wise.travel\/wp-content\/uploads\/2023\/09\/msmfoto-site-of-510x342.png 510w, https:\/\/wise.travel\/wp-content\/uploads\/2023\/09\/msmfoto-site-of-1609x1080.png 1609w, https:\/\/wise.travel\/wp-content\/uploads\/2023\/09\/msmfoto-site-of-768x515.png 768w, https:\/\/wise.travel\/wp-content\/uploads\/2023\/09\/msmfoto-site-of-1536x1031.png 1536w, https:\/\/wise.travel\/wp-content\/uploads\/2023\/09\/msmfoto-site-of.png 1645w\" sizes=\"(max-width: 615px) 100vw, 615px\" \/><figcaption id=\"caption-attachment-4576\" class=\"wp-caption-text\">Foto: Site Oficial Mont Saint-Michel<\/figcaption><\/figure>\n<p style=\"text-align: justify;\">Printre specialit\u0103\u021bile culinare locale se num\u0103r\u0103 mielul de mla\u0219tin\u0103 \u0219i preparate cu fructe proaspete de mare. Pe site-ul official Mont Saint-Michel g\u0103se\u0219ti <a href=\"https:\/\/www.ot-montsaintmichel.com\/en\/plan-your-stay\/our-restaurants\/\">lista de restaurante<\/a>. Cel mai cunoscut restaurant este \u201cLa Mere Poulard\u201c, un reper gastronomic \u00een Fran\u021ba.<\/p>\n<figure id=\"attachment_4567\" aria-describedby=\"caption-attachment-4567\" style=\"width: 618px\" class=\"wp-caption alignnone\"><img loading=\"lazy\" decoding=\"async\" class=\"wp-image-4567\" src=\"https:\/\/wise.travel\/wp-content\/uploads\/2023\/09\/msms-La-mere-poulard-restaurant-foto-site-of-800x531.png\" alt=\"\" width=\"618\" height=\"410\" srcset=\"https:\/\/wise.travel\/wp-content\/uploads\/2023\/09\/msms-La-mere-poulard-restaurant-foto-site-of-800x531.png 800w, https:\/\/wise.travel\/wp-content\/uploads\/2023\/09\/msms-La-mere-poulard-restaurant-foto-site-of-510x339.png 510w, https:\/\/wise.travel\/wp-content\/uploads\/2023\/09\/msms-La-mere-poulard-restaurant-foto-site-of-1627x1080.png 1627w, https:\/\/wise.travel\/wp-content\/uploads\/2023\/09\/msms-La-mere-poulard-restaurant-foto-site-of-768x510.png 768w, https:\/\/wise.travel\/wp-content\/uploads\/2023\/09\/msms-La-mere-poulard-restaurant-foto-site-of-1536x1020.png 1536w, https:\/\/wise.travel\/wp-content\/uploads\/2023\/09\/msms-La-mere-poulard-restaurant-foto-site-of.png 1645w\" sizes=\"(max-width: 618px) 100vw, 618px\" \/><figcaption id=\"caption-attachment-4567\" class=\"wp-caption-text\">Restaurant La Mere Poulard &#8211; Foto: Site Oficial Mont Saint-Michel<\/figcaption><\/figure>\n<p style=\"text-align: justify;\"><a href=\"https:\/\/wise.travel\/en\/solicita-oferta\/\"><strong>Rezerv\u0103 acum de la WISE.travel o vacan\u021b\u0103 la Mont Saint-Michel!<\/strong><\/a><\/p>\n<p style=\"text-align: justify;\">Viziteaz\u0103 \u0219i tu Mont Saint-Michel din Fran\u021ba! Solicit\u0103\u00a0<a href=\"https:\/\/wise.travel\/en\/solicita-oferta\/\">here<\/a>\u00a0o ofert\u0103 personalizat\u0103, iar agen\u021bii WISE.travel \u00ee\u021bi vor g\u0103si cea mai avantajoas\u0103 ofert\u0103, cu cel mai bun pre\u021b garantat \u00een peste 98% din cazuri!<\/p>\n<p style=\"text-align: justify;\">__________<\/p>\n<p style=\"text-align: justify;\">For more news follow us on the social media!\u00a0<a href=\"https:\/\/www.facebook.com\/dogoodtraveling\"><strong>social media<\/strong><\/a>!<\/p>\n<p style=\"text-align: justify;\">","protected":false},"excerpt":{"rendered":"<p>Mont Saint-Michel din Fran\u021ba este o destina\u021bie special\u0103 datorit\u0103 mixului de istorie, arhitectur\u0103 spectaculoas\u0103 \u0219i frumuse\u021be natural\u0103. Mont Saint-Michel este un sat fortificat construit pe o st\u00e2nc\u0103 granitic\u0103 de 78 m \u00een\u0103l\u021bime, situat\u0103 \u00een Golful Saint-Malo din Marea M\u00e2necii. Unicitatea Mont Saint-Michel este dat\u0103 \u0219i de fenomenele de flux-reflux care transform\u0103 locul fie \u00een insul\u0103 [&#8230;]\n","protected":false},"author":3,"featured_media":4606,"comment_status":"closed","ping_status":"closed","sticky":false,"template":"","format":"standard","meta":{"inline_featured_image":false,"footnotes":""},"categories":[195],"tags":[208,358,298,325,383,331,452,451,454,453,267,272,292,300,301,305,266,194],"class_list":["post-4563","post","type-post","status-publish","format-standard","has-post-thumbnail","hentry","category-destinatii","tag-agentie-turism","tag-calatorie","tag-calatorii","tag-concediu","tag-destinatii-de-vacanta","tag-destinatii-turistice","tag-franta","tag-mont-saint-michel","tag-muntele-saint-michel","tag-normandia","tag-travel","tag-travel-broker","tag-turism","tag-turist","tag-turisti","tag-vacanta","tag-wise","tag-wise-travel"],"yoast_head":"<!-- This site is optimized with the Yoast SEO plugin v27.5 - https:\/\/yoast.com\/product\/yoast-seo-wordpress\/ -->\n<title>Mont Saint-Michel: O destina\u021bie turistic\u0103 de neratat! - WISE.travel<\/title>\n<meta name=\"description\" content=\"Mont Saint-Michel din Fran\u021ba este o destina\u021bie special\u0103 datorit\u0103 mixului de istorie, arhitectur\u0103 spectaculoas\u0103 \u0219i frumuse\u021be natural\u0103.\" \/>\n<meta name=\"robots\" content=\"index, follow, max-snippet:-1, max-image-preview:large, max-video-preview:-1\" \/>\n<link rel=\"canonical\" href=\"https:\/\/wise.travel\/en\/mont-saint-michel-o-destinatie-turistica-de-neratat\/\" \/>\n<meta property=\"og:locale\" content=\"en_US\" \/>\n<meta property=\"og:type\" content=\"article\" \/>\n<meta property=\"og:title\" content=\"Mont Saint-Michel: O destina\u021bie turistic\u0103 de neratat! - WISE.travel\" \/>\n<meta property=\"og:description\" content=\"Mont Saint-Michel din Fran\u021ba este o destina\u021bie special\u0103 datorit\u0103 mixului de istorie, arhitectur\u0103 spectaculoas\u0103 \u0219i frumuse\u021be natural\u0103.\" \/>\n<meta property=\"og:url\" content=\"https:\/\/wise.travel\/en\/mont-saint-michel-o-destinatie-turistica-de-neratat\/\" \/>\n<meta property=\"og:site_name\" content=\"WISE.travel\" \/>\n<meta property=\"article:published_time\" content=\"2023-09-01T08:36:06+00:00\" \/>\n<meta property=\"article:modified_time\" content=\"2023-09-01T09:04:44+00:00\" \/>\n<meta property=\"og:image\" content=\"https:\/\/wise.travel\/wp-content\/uploads\/2023\/09\/Mont-Saint-Michel-view-768x417.png\" \/>\n\t<meta property=\"og:image:width\" content=\"768\" \/>\n\t<meta property=\"og:image:height\" content=\"417\" \/>\n\t<meta property=\"og:image:type\" content=\"image\/png\" \/>\n<meta name=\"author\" content=\"wise.travel\" \/>\n<meta name=\"twitter:card\" content=\"summary_large_image\" \/>\n<meta name=\"twitter:label1\" content=\"Written by\" \/>\n\t<meta name=\"twitter:data1\" content=\"wise.travel\" \/>\n\t<meta name=\"twitter:label2\" content=\"Est. reading time\" \/>\n\t<meta name=\"twitter:data2\" content=\"5 minutes\" \/>\n<script type=\"application\/ld+json\" class=\"yoast-schema-graph\">{\"@context\":\"https:\\\/\\\/schema.org\",\"@graph\":[{\"@type\":\"Article\",\"@id\":\"https:\\\/\\\/wise.travel\\\/mont-saint-michel-o-destinatie-turistica-de-neratat\\\/#article\",\"isPartOf\":{\"@id\":\"https:\\\/\\\/wise.travel\\\/mont-saint-michel-o-destinatie-turistica-de-neratat\\\/\"},\"author\":{\"name\":\"wise.travel\",\"@id\":\"https:\\\/\\\/wise.travel\\\/#\\\/schema\\\/person\\\/a74d3fe202902ab68a0e2f371fe62e49\"},\"headline\":\"Mont Saint-Michel: O destina\u021bie turistic\u0103 de neratat!\",\"datePublished\":\"2023-09-01T08:36:06+00:00\",\"dateModified\":\"2023-09-01T09:04:44+00:00\",\"mainEntityOfPage\":{\"@id\":\"https:\\\/\\\/wise.travel\\\/mont-saint-michel-o-destinatie-turistica-de-neratat\\\/\"},\"wordCount\":1020,\"image\":{\"@id\":\"https:\\\/\\\/wise.travel\\\/mont-saint-michel-o-destinatie-turistica-de-neratat\\\/#primaryimage\"},\"thumbnailUrl\":\"https:\\\/\\\/wise.travel\\\/wp-content\\\/uploads\\\/2023\\\/09\\\/Mont-Saint-Michel-view.png\",\"keywords\":[\"agentie turism\",\"calatorie\",\"calatorii\",\"concediu\",\"destinatii de vacanta\",\"destinatii turistice\",\"Franta\",\"Mont Saint-Michel\",\"muntele Saint Michel\",\"Normandia\",\"travel\",\"travel broker\",\"turism\",\"turist\",\"turisti\",\"vacanta\",\"wise\",\"wise travel\"],\"articleSection\":[\"Destinatii\"],\"inLanguage\":\"en-US\"},{\"@type\":\"WebPage\",\"@id\":\"https:\\\/\\\/wise.travel\\\/mont-saint-michel-o-destinatie-turistica-de-neratat\\\/\",\"url\":\"https:\\\/\\\/wise.travel\\\/mont-saint-michel-o-destinatie-turistica-de-neratat\\\/\",\"name\":\"Mont Saint-Michel: O destina\u021bie turistic\u0103 de neratat! - WISE.travel\",\"isPartOf\":{\"@id\":\"https:\\\/\\\/wise.travel\\\/#website\"},\"primaryImageOfPage\":{\"@id\":\"https:\\\/\\\/wise.travel\\\/mont-saint-michel-o-destinatie-turistica-de-neratat\\\/#primaryimage\"},\"image\":{\"@id\":\"https:\\\/\\\/wise.travel\\\/mont-saint-michel-o-destinatie-turistica-de-neratat\\\/#primaryimage\"},\"thumbnailUrl\":\"https:\\\/\\\/wise.travel\\\/wp-content\\\/uploads\\\/2023\\\/09\\\/Mont-Saint-Michel-view.png\",\"datePublished\":\"2023-09-01T08:36:06+00:00\",\"dateModified\":\"2023-09-01T09:04:44+00:00\",\"author\":{\"@id\":\"https:\\\/\\\/wise.travel\\\/#\\\/schema\\\/person\\\/a74d3fe202902ab68a0e2f371fe62e49\"},\"description\":\"Mont Saint-Michel din Fran\u021ba este o destina\u021bie special\u0103 datorit\u0103 mixului de istorie, arhitectur\u0103 spectaculoas\u0103 \u0219i frumuse\u021be natural\u0103.\",\"breadcrumb\":{\"@id\":\"https:\\\/\\\/wise.travel\\\/mont-saint-michel-o-destinatie-turistica-de-neratat\\\/#breadcrumb\"},\"inLanguage\":\"en-US\",\"potentialAction\":[{\"@type\":\"ReadAction\",\"target\":[\"https:\\\/\\\/wise.travel\\\/mont-saint-michel-o-destinatie-turistica-de-neratat\\\/\"]}]},{\"@type\":\"ImageObject\",\"inLanguage\":\"en-US\",\"@id\":\"https:\\\/\\\/wise.travel\\\/mont-saint-michel-o-destinatie-turistica-de-neratat\\\/#primaryimage\",\"url\":\"https:\\\/\\\/wise.travel\\\/wp-content\\\/uploads\\\/2023\\\/09\\\/Mont-Saint-Michel-view.png\",\"contentUrl\":\"https:\\\/\\\/wise.travel\\\/wp-content\\\/uploads\\\/2023\\\/09\\\/Mont-Saint-Michel-view.png\",\"width\":1645,\"height\":893},{\"@type\":\"BreadcrumbList\",\"@id\":\"https:\\\/\\\/wise.travel\\\/mont-saint-michel-o-destinatie-turistica-de-neratat\\\/#breadcrumb\",\"itemListElement\":[{\"@type\":\"ListItem\",\"position\":1,\"name\":\"Home\",\"item\":\"https:\\\/\\\/wise.travel\\\/\"},{\"@type\":\"ListItem\",\"position\":2,\"name\":\"Mont Saint-Michel: O destina\u021bie turistic\u0103 de neratat!\"}]},{\"@type\":\"WebSite\",\"@id\":\"https:\\\/\\\/wise.travel\\\/#website\",\"url\":\"https:\\\/\\\/wise.travel\\\/\",\"name\":\"WISE.travel\",\"description\":\"Agentie de turism\",\"potentialAction\":[{\"@type\":\"SearchAction\",\"target\":{\"@type\":\"EntryPoint\",\"urlTemplate\":\"https:\\\/\\\/wise.travel\\\/?s={search_term_string}\"},\"query-input\":{\"@type\":\"PropertyValueSpecification\",\"valueRequired\":true,\"valueName\":\"search_term_string\"}}],\"inLanguage\":\"en-US\"},{\"@type\":\"Person\",\"@id\":\"https:\\\/\\\/wise.travel\\\/#\\\/schema\\\/person\\\/a74d3fe202902ab68a0e2f371fe62e49\",\"name\":\"wise.travel\",\"image\":{\"@type\":\"ImageObject\",\"inLanguage\":\"en-US\",\"@id\":\"https:\\\/\\\/secure.gravatar.com\\\/avatar\\\/d207a371da6f873c8cb1686796b22863569b35672cd0cc8568e6694ac32e72e8?s=96&d=mm&r=g\",\"url\":\"https:\\\/\\\/secure.gravatar.com\\\/avatar\\\/d207a371da6f873c8cb1686796b22863569b35672cd0cc8568e6694ac32e72e8?s=96&d=mm&r=g\",\"contentUrl\":\"https:\\\/\\\/secure.gravatar.com\\\/avatar\\\/d207a371da6f873c8cb1686796b22863569b35672cd0cc8568e6694ac32e72e8?s=96&d=mm&r=g\",\"caption\":\"wise.travel\"},\"url\":\"https:\\\/\\\/wise.travel\\\/en\\\/author\\\/wise-travel\\\/\"}]}<\/script>\n<!-- \/ Yoast SEO plugin. -->","yoast_head_json":{"title":"Mont Saint-Michel: O destina\u021bie turistic\u0103 de neratat! - WISE.travel","description":"Mont Saint-Michel din Fran\u021ba este o destina\u021bie special\u0103 datorit\u0103 mixului de istorie, arhitectur\u0103 spectaculoas\u0103 \u0219i frumuse\u021be natural\u0103.","robots":{"index":"index","follow":"follow","max-snippet":"max-snippet:-1","max-image-preview":"max-image-preview:large","max-video-preview":"max-video-preview:-1"},"canonical":"https:\/\/wise.travel\/en\/mont-saint-michel-o-destinatie-turistica-de-neratat\/","og_locale":"en_US","og_type":"article","og_title":"Mont Saint-Michel: O destina\u021bie turistic\u0103 de neratat! - WISE.travel","og_description":"Mont Saint-Michel din Fran\u021ba este o destina\u021bie special\u0103 datorit\u0103 mixului de istorie, arhitectur\u0103 spectaculoas\u0103 \u0219i frumuse\u021be natural\u0103.","og_url":"https:\/\/wise.travel\/en\/mont-saint-michel-o-destinatie-turistica-de-neratat\/","og_site_name":"WISE.travel","article_published_time":"2023-09-01T08:36:06+00:00","article_modified_time":"2023-09-01T09:04:44+00:00","og_image":[{"width":768,"height":417,"url":"https:\/\/wise.travel\/wp-content\/uploads\/2023\/09\/Mont-Saint-Michel-view-768x417.png","type":"image\/png"}],"author":"wise.travel","twitter_card":"summary_large_image","twitter_misc":{"Written by":"wise.travel","Est. reading time":"5 minutes"},"schema":{"@context":"https:\/\/schema.org","@graph":[{"@type":"Article","@id":"https:\/\/wise.travel\/mont-saint-michel-o-destinatie-turistica-de-neratat\/#article","isPartOf":{"@id":"https:\/\/wise.travel\/mont-saint-michel-o-destinatie-turistica-de-neratat\/"},"author":{"name":"wise.travel","@id":"https:\/\/wise.travel\/#\/schema\/person\/a74d3fe202902ab68a0e2f371fe62e49"},"headline":"Mont Saint-Michel: O destina\u021bie turistic\u0103 de neratat!","datePublished":"2023-09-01T08:36:06+00:00","dateModified":"2023-09-01T09:04:44+00:00","mainEntityOfPage":{"@id":"https:\/\/wise.travel\/mont-saint-michel-o-destinatie-turistica-de-neratat\/"},"wordCount":1020,"image":{"@id":"https:\/\/wise.travel\/mont-saint-michel-o-destinatie-turistica-de-neratat\/#primaryimage"},"thumbnailUrl":"https:\/\/wise.travel\/wp-content\/uploads\/2023\/09\/Mont-Saint-Michel-view.png","keywords":["agentie turism","calatorie","calatorii","concediu","destinatii de vacanta","destinatii turistice","Franta","Mont Saint-Michel","muntele Saint Michel","Normandia","travel","travel broker","turism","turist","turisti","vacanta","wise","wise travel"],"articleSection":["Destinatii"],"inLanguage":"en-US"},{"@type":"WebPage","@id":"https:\/\/wise.travel\/mont-saint-michel-o-destinatie-turistica-de-neratat\/","url":"https:\/\/wise.travel\/mont-saint-michel-o-destinatie-turistica-de-neratat\/","name":"Mont Saint-Michel: O destina\u021bie turistic\u0103 de neratat! - WISE.travel","isPartOf":{"@id":"https:\/\/wise.travel\/#website"},"primaryImageOfPage":{"@id":"https:\/\/wise.travel\/mont-saint-michel-o-destinatie-turistica-de-neratat\/#primaryimage"},"image":{"@id":"https:\/\/wise.travel\/mont-saint-michel-o-destinatie-turistica-de-neratat\/#primaryimage"},"thumbnailUrl":"https:\/\/wise.travel\/wp-content\/uploads\/2023\/09\/Mont-Saint-Michel-view.png","datePublished":"2023-09-01T08:36:06+00:00","dateModified":"2023-09-01T09:04:44+00:00","author":{"@id":"https:\/\/wise.travel\/#\/schema\/person\/a74d3fe202902ab68a0e2f371fe62e49"},"description":"Mont Saint-Michel din Fran\u021ba este o destina\u021bie special\u0103 datorit\u0103 mixului de istorie, arhitectur\u0103 spectaculoas\u0103 \u0219i frumuse\u021be natural\u0103.","breadcrumb":{"@id":"https:\/\/wise.travel\/mont-saint-michel-o-destinatie-turistica-de-neratat\/#breadcrumb"},"inLanguage":"en-US","potentialAction":[{"@type":"ReadAction","target":["https:\/\/wise.travel\/mont-saint-michel-o-destinatie-turistica-de-neratat\/"]}]},{"@type":"ImageObject","inLanguage":"en-US","@id":"https:\/\/wise.travel\/mont-saint-michel-o-destinatie-turistica-de-neratat\/#primaryimage","url":"https:\/\/wise.travel\/wp-content\/uploads\/2023\/09\/Mont-Saint-Michel-view.png","contentUrl":"https:\/\/wise.travel\/wp-content\/uploads\/2023\/09\/Mont-Saint-Michel-view.png","width":1645,"height":893},{"@type":"BreadcrumbList","@id":"https:\/\/wise.travel\/mont-saint-michel-o-destinatie-turistica-de-neratat\/#breadcrumb","itemListElement":[{"@type":"ListItem","position":1,"name":"Home","item":"https:\/\/wise.travel\/"},{"@type":"ListItem","position":2,"name":"Mont Saint-Michel: O destina\u021bie turistic\u0103 de neratat!"}]},{"@type":"WebSite","@id":"https:\/\/wise.travel\/#website","url":"https:\/\/wise.travel\/","name":"WISE.travel","description":"Agentie de turism","potentialAction":[{"@type":"SearchAction","target":{"@type":"EntryPoint","urlTemplate":"https:\/\/wise.travel\/?s={search_term_string}"},"query-input":{"@type":"PropertyValueSpecification","valueRequired":true,"valueName":"search_term_string"}}],"inLanguage":"en-US"},{"@type":"Person","@id":"https:\/\/wise.travel\/#\/schema\/person\/a74d3fe202902ab68a0e2f371fe62e49","name":"wise.travel","image":{"@type":"ImageObject","inLanguage":"en-US","@id":"https:\/\/secure.gravatar.com\/avatar\/d207a371da6f873c8cb1686796b22863569b35672cd0cc8568e6694ac32e72e8?s=96&d=mm&r=g","url":"https:\/\/secure.gravatar.com\/avatar\/d207a371da6f873c8cb1686796b22863569b35672cd0cc8568e6694ac32e72e8?s=96&d=mm&r=g","contentUrl":"https:\/\/secure.gravatar.com\/avatar\/d207a371da6f873c8cb1686796b22863569b35672cd0cc8568e6694ac32e72e8?s=96&d=mm&r=g","caption":"wise.travel"},"url":"https:\/\/wise.travel\/en\/author\/wise-travel\/"}]}},"_links":{"self":[{"href":"https:\/\/wise.travel\/en\/wp-json\/wp\/v2\/posts\/4563","targetHints":{"allow":["GET"]}}],"collection":[{"href":"https:\/\/wise.travel\/en\/wp-json\/wp\/v2\/posts"}],"about":[{"href":"https:\/\/wise.travel\/en\/wp-json\/wp\/v2\/types\/post"}],"author":[{"embeddable":true,"href":"https:\/\/wise.travel\/en\/wp-json\/wp\/v2\/users\/3"}],"replies":[{"embeddable":true,"href":"https:\/\/wise.travel\/en\/wp-json\/wp\/v2\/comments?post=4563"}],"version-history":[{"count":5,"href":"https:\/\/wise.travel\/en\/wp-json\/wp\/v2\/posts\/4563\/revisions"}],"predecessor-version":[{"id":4604,"href":"https:\/\/wise.travel\/en\/wp-json\/wp\/v2\/posts\/4563\/revisions\/4604"}],"wp:featuredmedia":[{"embeddable":true,"href":"https:\/\/wise.travel\/en\/wp-json\/wp\/v2\/media\/4606"}],"wp:attachment":[{"href":"https:\/\/wise.travel\/en\/wp-json\/wp\/v2\/media?parent=4563"}],"wp:term":[{"taxonomy":"category","embeddable":true,"href":"https:\/\/wise.travel\/en\/wp-json\/wp\/v2\/categories?post=4563"},{"taxonomy":"post_tag","embeddable":true,"href":"https:\/\/wise.travel\/en\/wp-json\/wp\/v2\/tags?post=4563"}],"curies":[{"name":"wp","href":"https:\/\/api.w.org\/{rel}","templated":true}]}}