{"id":5820,"date":"2025-02-07T10:00:09","date_gmt":"2025-02-07T06:00:09","guid":{"rendered":"https:\/\/wise.travel\/?p=5820"},"modified":"2025-01-22T15:06:59","modified_gmt":"2025-01-22T11:06:59","slug":"cele-mai-bune-destinatii-culturale-de-vizitat-in-martie-2025","status":"publish","type":"post","link":"https:\/\/wise.travel\/en\/cele-mai-bune-destinatii-culturale-de-vizitat-in-martie-2025\/","title":{"rendered":"Cele mai bune destina\u021bii culturale de vizitat \u00een martie 2025"},"content":{"rendered":"<p style=\"text-align: justify;\"><span style=\"color: #000000;\">Dac\u0103 \u00ee\u021bi dore\u0219ti o vacan\u021b\u0103 \u00een care s\u0103 \u00eembini relaxarea cu descoperirea unor culturi fascinante, luna martie este momentul perfect pentru a explora locuri pline de istorie \u0219i tradi\u021bie. Iat\u0103 c\u00e2teva destina\u021bii care \u00ee\u021bi vor \u00eembog\u0103\u021bi sufletul \u0219i mintea.<\/span><\/p>\n<ol>\n<li>\n<h3><span style=\"color: #000000;\"><strong> Roma, Italia &#8211; Eternul farmec al istoriei<\/strong><\/span><\/h3>\n<\/li>\n<\/ol>\n<p style=\"text-align: justify;\"><span style=\"color: #000000;\">Martie este una dintre cele mai bune luni pentru a vizita Roma, c\u00e2nd vremea este pl\u0103cut\u0103, iar mul\u021bimile de turi\u0219ti nu sunt la fel de numeroase ca vara. Exploreaz\u0103 Colosseumul, Forumul Roman \u0219i Vaticanul, f\u0103r\u0103 aglomera\u021bie. Plimb\u0103rile pe str\u0103zile pitore\u0219ti sau savurarea unei gelato pe Treptele Spaniole vor face din aceast\u0103 c\u0103l\u0103torie o experien\u021b\u0103 memorabil\u0103.<\/span><\/p>\n<ol start=\"2\">\n<li>\n<h3><span style=\"color: #000000;\"><strong> Kyoto, Japonia &#8211; Magia florilor de cire\u0219<\/strong><\/span><\/h3>\n<\/li>\n<\/ol>\n<p style=\"text-align: justify;\"><span style=\"color: #000000;\">De\u0219i sezonul de sakura \u00eencepe oficial \u00een aprilie, \u00een Kyoto primele flori de cire\u0219 pot fi admirate \u00eenc\u0103 din martie. Plimb\u0103-te pe Calea Filosofului sau viziteaz\u0103 templele istorice, cum ar fi Kinkaku-ji (Pavilionul de Aur). Kyoto combin\u0103 tradi\u021biile japoneze cu peisaje de vis, oferind o atmosfer\u0103 lini\u0219titoare.<\/span><\/p>\n<ol start=\"3\">\n<li>\n<h3><span style=\"color: #000000;\"><strong> Marrakech, Maroc &#8211; Culori \u0219i arome exotice<\/strong><\/span><\/h3>\n<\/li>\n<\/ol>\n<p style=\"text-align: justify;\"><span style=\"color: #000000;\">\u00cen martie Marrakech \u00ee\u0219i dezv\u0103luie frumuse\u021bea autentic\u0103 sub un cer senin \u0219i temperaturi agreabile. Pierde-te \u00een labirintul de str\u0103du\u021be din Medina, viziteaz\u0103 gr\u0103dinile Majorelle sau savureaz\u0103 ceaiul tradi\u021bional de ment\u0103 \u00een pia\u021ba Jemaa el-Fnaa. Atmosfera vibrant\u0103 \u0219i ospitalitatea localnicilor fac din Marrakech o destina\u021bie cultural\u0103 de neratat.<\/span><\/p>\n<ol start=\"4\">\n<li>\n<h3><span style=\"color: #000000;\"><strong> Istanbul, Turcia &#8211; \u00centre Orient \u0219i Occident<\/strong><\/span><\/h3>\n<\/li>\n<\/ol>\n<p style=\"text-align: justify;\"><span style=\"color: #000000;\">Istanbul este un ora\u0219 plin de via\u021b\u0103 \u0219i istorie, iar \u00een martie vei g\u0103si temperaturi perfecte pentru a explora atrac\u021biile sale emblematice. Viziteaz\u0103 Hagia Sophia, Palatul Topkapi sau Marele Bazar, unde vei descoperi comori \u0219i arome care \u00ee\u021bi vor r\u0103m\u00e2ne \u00een suflet. O croazier\u0103 pe Bosfor este cea mai bun\u0103 modalitate de a admira peisajul unic al ora\u0219ului.<\/span><\/p>\n<ol start=\"5\">\n<li>\n<h3><span style=\"color: #000000;\"><strong> Sevilia, Spania &#8211; Sufletul Andaluziei<\/strong><\/span><\/h3>\n<\/li>\n<\/ol>\n<p style=\"text-align: justify;\"><span style=\"color: #000000;\">\u00cen luna martie Sevilia te \u00eent\u00e2mpin\u0103 cu temperaturi pl\u0103cute \u0219i flori de portocal care \u00ee\u021bi vor \u00eenc\u00e2nta sim\u021burile. Descoper\u0103 Alcazarul, Catedrala Seviliei \u0219i cartierul Triana, celebru pentru flamenco! Seara, bucur\u0103-te de tapas autentice \u00eentr-unul dintre barurile tradi\u021bionale ale ora\u0219ului!<\/span><\/p>\n<h3><span style=\"color: #000000;\"><strong>De ce s\u0103 explorezi destina\u021bii culturale \u00een martie?<\/strong><\/span><\/h3>\n<p style=\"text-align: justify;\"><span style=\"color: #000000;\">Martie este o lun\u0103 ideal\u0103 pentru escapade culturale, c\u00e2nd vremea este bl\u00e2nd\u0103, iar ora\u0219ele sunt mai pu\u021bin aglomerate. Fie c\u0103 alegi Europa, Asia sau Africa, fiecare destina\u021bie ofer\u0103 o experien\u021b\u0103 unic\u0103 care te va conecta cu istoria \u0219i tradi\u021biile locale.<\/span><\/p>\n<p style=\"text-align: justify;\"><span style=\"color: #000000;\">Nu mai a\u0219tepta, descoper\u0103 lumea cu <a href=\"https:\/\/wise.travel\/en\/solicita-oferta\/\"><strong>WISE.travel<\/strong><\/a> \u0219i transform\u0103 luna martie \u00eentr-o aventur\u0103 cultural\u0103 de neuitat!<\/span><\/p>","protected":false},"excerpt":{"rendered":"<p>Dac\u0103 \u00ee\u021bi dore\u0219ti o vacan\u021b\u0103 \u00een care s\u0103 \u00eembini relaxarea cu descoperirea unor culturi fascinante, luna martie este momentul perfect pentru a explora locuri pline de istorie \u0219i tradi\u021bie. Iat\u0103 c\u00e2teva destina\u021bii care \u00ee\u021bi vor \u00eembog\u0103\u021bi sufletul \u0219i mintea. Roma, Italia &#8211; Eternul farmec al istoriei Martie este una dintre cele mai bune luni pentru [&#8230;]\n","protected":false},"author":3,"featured_media":5821,"comment_status":"closed","ping_status":"closed","sticky":false,"template":"","format":"standard","meta":{"inline_featured_image":false,"footnotes":""},"categories":[195],"tags":[293,702,297,298,325,438,299,701,307,267,272,292,300,301,305,194],"class_list":["post-5820","post","type-post","status-publish","format-standard","has-post-thumbnail","hentry","category-destinatii","tag-agentie-de-turism","tag-calator","tag-calatoreste","tag-calatorii","tag-concediu","tag-cultura","tag-destinatii","tag-destinatii-culturale","tag-sejur","tag-travel","tag-travel-broker","tag-turism","tag-turist","tag-turisti","tag-vacanta","tag-wise-travel"],"yoast_head":"<!-- This site is optimized with the Yoast SEO plugin v27.5 - https:\/\/yoast.com\/product\/yoast-seo-wordpress\/ -->\n<title>Cele mai bune destina\u021bii culturale de vizitat \u00een martie 2025 - WISE.travel<\/title>\n<meta name=\"description\" content=\"Dac\u0103 \u00ee\u021bi dore\u0219ti o vacan\u021b\u0103 \u00een care s\u0103 \u00eembini relaxarea cu descoperirea unor culturi fascinante, luna martie este momentul perfect pentru...\" \/>\n<meta name=\"robots\" content=\"index, follow, max-snippet:-1, max-image-preview:large, max-video-preview:-1\" \/>\n<link rel=\"canonical\" href=\"https:\/\/wise.travel\/en\/cele-mai-bune-destinatii-culturale-de-vizitat-in-martie-2025\/\" \/>\n<meta property=\"og:locale\" content=\"en_US\" \/>\n<meta property=\"og:type\" content=\"article\" \/>\n<meta property=\"og:title\" content=\"Cele mai bune destina\u021bii culturale de vizitat \u00een martie 2025 - WISE.travel\" \/>\n<meta property=\"og:description\" content=\"Dac\u0103 \u00ee\u021bi dore\u0219ti o vacan\u021b\u0103 \u00een care s\u0103 \u00eembini relaxarea cu descoperirea unor culturi fascinante, luna martie este momentul perfect pentru...\" \/>\n<meta property=\"og:url\" content=\"https:\/\/wise.travel\/en\/cele-mai-bune-destinatii-culturale-de-vizitat-in-martie-2025\/\" \/>\n<meta property=\"og:site_name\" content=\"WISE.travel\" \/>\n<meta property=\"article:published_time\" content=\"2025-02-07T06:00:09+00:00\" \/>\n<meta property=\"og:image\" content=\"https:\/\/wise.travel\/wp-content\/uploads\/2025\/01\/sevilla.png\" \/>\n\t<meta property=\"og:image:width\" content=\"940\" \/>\n\t<meta property=\"og:image:height\" content=\"576\" \/>\n\t<meta property=\"og:image:type\" content=\"image\/png\" \/>\n<meta name=\"author\" content=\"wise.travel\" \/>\n<meta name=\"twitter:card\" content=\"summary_large_image\" \/>\n<meta name=\"twitter:label1\" content=\"Written by\" \/>\n\t<meta name=\"twitter:data1\" content=\"wise.travel\" \/>\n\t<meta name=\"twitter:label2\" content=\"Est. reading time\" \/>\n\t<meta name=\"twitter:data2\" content=\"3 minutes\" \/>\n<script type=\"application\/ld+json\" class=\"yoast-schema-graph\">{\"@context\":\"https:\\\/\\\/schema.org\",\"@graph\":[{\"@type\":\"Article\",\"@id\":\"https:\\\/\\\/wise.travel\\\/cele-mai-bune-destinatii-culturale-de-vizitat-in-martie-2025\\\/#article\",\"isPartOf\":{\"@id\":\"https:\\\/\\\/wise.travel\\\/cele-mai-bune-destinatii-culturale-de-vizitat-in-martie-2025\\\/\"},\"author\":{\"name\":\"wise.travel\",\"@id\":\"https:\\\/\\\/wise.travel\\\/#\\\/schema\\\/person\\\/a74d3fe202902ab68a0e2f371fe62e49\"},\"headline\":\"Cele mai bune destina\u021bii culturale de vizitat \u00een martie 2025\",\"datePublished\":\"2025-02-07T06:00:09+00:00\",\"mainEntityOfPage\":{\"@id\":\"https:\\\/\\\/wise.travel\\\/cele-mai-bune-destinatii-culturale-de-vizitat-in-martie-2025\\\/\"},\"wordCount\":441,\"image\":{\"@id\":\"https:\\\/\\\/wise.travel\\\/cele-mai-bune-destinatii-culturale-de-vizitat-in-martie-2025\\\/#primaryimage\"},\"thumbnailUrl\":\"https:\\\/\\\/wise.travel\\\/wp-content\\\/uploads\\\/2025\\\/01\\\/sevilla.png\",\"keywords\":[\"agentie de turism\",\"calator\",\"calatoreste\",\"calatorii\",\"concediu\",\"cultura\",\"destinatii\",\"destinatii culturale\",\"sejur\",\"travel\",\"travel broker\",\"turism\",\"turist\",\"turisti\",\"vacanta\",\"wise travel\"],\"articleSection\":[\"Destinatii\"],\"inLanguage\":\"en-US\"},{\"@type\":\"WebPage\",\"@id\":\"https:\\\/\\\/wise.travel\\\/cele-mai-bune-destinatii-culturale-de-vizitat-in-martie-2025\\\/\",\"url\":\"https:\\\/\\\/wise.travel\\\/cele-mai-bune-destinatii-culturale-de-vizitat-in-martie-2025\\\/\",\"name\":\"Cele mai bune destina\u021bii culturale de vizitat \u00een martie 2025 - WISE.travel\",\"isPartOf\":{\"@id\":\"https:\\\/\\\/wise.travel\\\/#website\"},\"primaryImageOfPage\":{\"@id\":\"https:\\\/\\\/wise.travel\\\/cele-mai-bune-destinatii-culturale-de-vizitat-in-martie-2025\\\/#primaryimage\"},\"image\":{\"@id\":\"https:\\\/\\\/wise.travel\\\/cele-mai-bune-destinatii-culturale-de-vizitat-in-martie-2025\\\/#primaryimage\"},\"thumbnailUrl\":\"https:\\\/\\\/wise.travel\\\/wp-content\\\/uploads\\\/2025\\\/01\\\/sevilla.png\",\"datePublished\":\"2025-02-07T06:00:09+00:00\",\"author\":{\"@id\":\"https:\\\/\\\/wise.travel\\\/#\\\/schema\\\/person\\\/a74d3fe202902ab68a0e2f371fe62e49\"},\"description\":\"Dac\u0103 \u00ee\u021bi dore\u0219ti o vacan\u021b\u0103 \u00een care s\u0103 \u00eembini relaxarea cu descoperirea unor culturi fascinante, luna martie este momentul perfect pentru...\",\"breadcrumb\":{\"@id\":\"https:\\\/\\\/wise.travel\\\/cele-mai-bune-destinatii-culturale-de-vizitat-in-martie-2025\\\/#breadcrumb\"},\"inLanguage\":\"en-US\",\"potentialAction\":[{\"@type\":\"ReadAction\",\"target\":[\"https:\\\/\\\/wise.travel\\\/cele-mai-bune-destinatii-culturale-de-vizitat-in-martie-2025\\\/\"]}]},{\"@type\":\"ImageObject\",\"inLanguage\":\"en-US\",\"@id\":\"https:\\\/\\\/wise.travel\\\/cele-mai-bune-destinatii-culturale-de-vizitat-in-martie-2025\\\/#primaryimage\",\"url\":\"https:\\\/\\\/wise.travel\\\/wp-content\\\/uploads\\\/2025\\\/01\\\/sevilla.png\",\"contentUrl\":\"https:\\\/\\\/wise.travel\\\/wp-content\\\/uploads\\\/2025\\\/01\\\/sevilla.png\",\"width\":940,\"height\":576,\"caption\":\"destinatii culturale martie 2025\"},{\"@type\":\"BreadcrumbList\",\"@id\":\"https:\\\/\\\/wise.travel\\\/cele-mai-bune-destinatii-culturale-de-vizitat-in-martie-2025\\\/#breadcrumb\",\"itemListElement\":[{\"@type\":\"ListItem\",\"position\":1,\"name\":\"Home\",\"item\":\"https:\\\/\\\/wise.travel\\\/\"},{\"@type\":\"ListItem\",\"position\":2,\"name\":\"Cele mai bune destina\u021bii culturale de vizitat \u00een martie 2025\"}]},{\"@type\":\"WebSite\",\"@id\":\"https:\\\/\\\/wise.travel\\\/#website\",\"url\":\"https:\\\/\\\/wise.travel\\\/\",\"name\":\"WISE.travel\",\"description\":\"Agentie de turism\",\"potentialAction\":[{\"@type\":\"SearchAction\",\"target\":{\"@type\":\"EntryPoint\",\"urlTemplate\":\"https:\\\/\\\/wise.travel\\\/?s={search_term_string}\"},\"query-input\":{\"@type\":\"PropertyValueSpecification\",\"valueRequired\":true,\"valueName\":\"search_term_string\"}}],\"inLanguage\":\"en-US\"},{\"@type\":\"Person\",\"@id\":\"https:\\\/\\\/wise.travel\\\/#\\\/schema\\\/person\\\/a74d3fe202902ab68a0e2f371fe62e49\",\"name\":\"wise.travel\",\"image\":{\"@type\":\"ImageObject\",\"inLanguage\":\"en-US\",\"@id\":\"https:\\\/\\\/secure.gravatar.com\\\/avatar\\\/d207a371da6f873c8cb1686796b22863569b35672cd0cc8568e6694ac32e72e8?s=96&d=mm&r=g\",\"url\":\"https:\\\/\\\/secure.gravatar.com\\\/avatar\\\/d207a371da6f873c8cb1686796b22863569b35672cd0cc8568e6694ac32e72e8?s=96&d=mm&r=g\",\"contentUrl\":\"https:\\\/\\\/secure.gravatar.com\\\/avatar\\\/d207a371da6f873c8cb1686796b22863569b35672cd0cc8568e6694ac32e72e8?s=96&d=mm&r=g\",\"caption\":\"wise.travel\"},\"url\":\"https:\\\/\\\/wise.travel\\\/en\\\/author\\\/wise-travel\\\/\"}]}<\/script>\n<!-- \/ Yoast SEO plugin. -->","yoast_head_json":{"title":"Cele mai bune destina\u021bii culturale de vizitat \u00een martie 2025 - WISE.travel","description":"Dac\u0103 \u00ee\u021bi dore\u0219ti o vacan\u021b\u0103 \u00een care s\u0103 \u00eembini relaxarea cu descoperirea unor culturi fascinante, luna martie este momentul perfect pentru...","robots":{"index":"index","follow":"follow","max-snippet":"max-snippet:-1","max-image-preview":"max-image-preview:large","max-video-preview":"max-video-preview:-1"},"canonical":"https:\/\/wise.travel\/en\/cele-mai-bune-destinatii-culturale-de-vizitat-in-martie-2025\/","og_locale":"en_US","og_type":"article","og_title":"Cele mai bune destina\u021bii culturale de vizitat \u00een martie 2025 - WISE.travel","og_description":"Dac\u0103 \u00ee\u021bi dore\u0219ti o vacan\u021b\u0103 \u00een care s\u0103 \u00eembini relaxarea cu descoperirea unor culturi fascinante, luna martie este momentul perfect pentru...","og_url":"https:\/\/wise.travel\/en\/cele-mai-bune-destinatii-culturale-de-vizitat-in-martie-2025\/","og_site_name":"WISE.travel","article_published_time":"2025-02-07T06:00:09+00:00","og_image":[{"width":940,"height":576,"url":"https:\/\/wise.travel\/wp-content\/uploads\/2025\/01\/sevilla.png","type":"image\/png"}],"author":"wise.travel","twitter_card":"summary_large_image","twitter_misc":{"Written by":"wise.travel","Est. reading time":"3 minutes"},"schema":{"@context":"https:\/\/schema.org","@graph":[{"@type":"Article","@id":"https:\/\/wise.travel\/cele-mai-bune-destinatii-culturale-de-vizitat-in-martie-2025\/#article","isPartOf":{"@id":"https:\/\/wise.travel\/cele-mai-bune-destinatii-culturale-de-vizitat-in-martie-2025\/"},"author":{"name":"wise.travel","@id":"https:\/\/wise.travel\/#\/schema\/person\/a74d3fe202902ab68a0e2f371fe62e49"},"headline":"Cele mai bune destina\u021bii culturale de vizitat \u00een martie 2025","datePublished":"2025-02-07T06:00:09+00:00","mainEntityOfPage":{"@id":"https:\/\/wise.travel\/cele-mai-bune-destinatii-culturale-de-vizitat-in-martie-2025\/"},"wordCount":441,"image":{"@id":"https:\/\/wise.travel\/cele-mai-bune-destinatii-culturale-de-vizitat-in-martie-2025\/#primaryimage"},"thumbnailUrl":"https:\/\/wise.travel\/wp-content\/uploads\/2025\/01\/sevilla.png","keywords":["agentie de turism","calator","calatoreste","calatorii","concediu","cultura","destinatii","destinatii culturale","sejur","travel","travel broker","turism","turist","turisti","vacanta","wise travel"],"articleSection":["Destinatii"],"inLanguage":"en-US"},{"@type":"WebPage","@id":"https:\/\/wise.travel\/cele-mai-bune-destinatii-culturale-de-vizitat-in-martie-2025\/","url":"https:\/\/wise.travel\/cele-mai-bune-destinatii-culturale-de-vizitat-in-martie-2025\/","name":"Cele mai bune destina\u021bii culturale de vizitat \u00een martie 2025 - WISE.travel","isPartOf":{"@id":"https:\/\/wise.travel\/#website"},"primaryImageOfPage":{"@id":"https:\/\/wise.travel\/cele-mai-bune-destinatii-culturale-de-vizitat-in-martie-2025\/#primaryimage"},"image":{"@id":"https:\/\/wise.travel\/cele-mai-bune-destinatii-culturale-de-vizitat-in-martie-2025\/#primaryimage"},"thumbnailUrl":"https:\/\/wise.travel\/wp-content\/uploads\/2025\/01\/sevilla.png","datePublished":"2025-02-07T06:00:09+00:00","author":{"@id":"https:\/\/wise.travel\/#\/schema\/person\/a74d3fe202902ab68a0e2f371fe62e49"},"description":"Dac\u0103 \u00ee\u021bi dore\u0219ti o vacan\u021b\u0103 \u00een care s\u0103 \u00eembini relaxarea cu descoperirea unor culturi fascinante, luna martie este momentul perfect pentru...","breadcrumb":{"@id":"https:\/\/wise.travel\/cele-mai-bune-destinatii-culturale-de-vizitat-in-martie-2025\/#breadcrumb"},"inLanguage":"en-US","potentialAction":[{"@type":"ReadAction","target":["https:\/\/wise.travel\/cele-mai-bune-destinatii-culturale-de-vizitat-in-martie-2025\/"]}]},{"@type":"ImageObject","inLanguage":"en-US","@id":"https:\/\/wise.travel\/cele-mai-bune-destinatii-culturale-de-vizitat-in-martie-2025\/#primaryimage","url":"https:\/\/wise.travel\/wp-content\/uploads\/2025\/01\/sevilla.png","contentUrl":"https:\/\/wise.travel\/wp-content\/uploads\/2025\/01\/sevilla.png","width":940,"height":576,"caption":"destinatii culturale martie 2025"},{"@type":"BreadcrumbList","@id":"https:\/\/wise.travel\/cele-mai-bune-destinatii-culturale-de-vizitat-in-martie-2025\/#breadcrumb","itemListElement":[{"@type":"ListItem","position":1,"name":"Home","item":"https:\/\/wise.travel\/"},{"@type":"ListItem","position":2,"name":"Cele mai bune destina\u021bii culturale de vizitat \u00een martie 2025"}]},{"@type":"WebSite","@id":"https:\/\/wise.travel\/#website","url":"https:\/\/wise.travel\/","name":"WISE.travel","description":"Agentie de turism","potentialAction":[{"@type":"SearchAction","target":{"@type":"EntryPoint","urlTemplate":"https:\/\/wise.travel\/?s={search_term_string}"},"query-input":{"@type":"PropertyValueSpecification","valueRequired":true,"valueName":"search_term_string"}}],"inLanguage":"en-US"},{"@type":"Person","@id":"https:\/\/wise.travel\/#\/schema\/person\/a74d3fe202902ab68a0e2f371fe62e49","name":"wise.travel","image":{"@type":"ImageObject","inLanguage":"en-US","@id":"https:\/\/secure.gravatar.com\/avatar\/d207a371da6f873c8cb1686796b22863569b35672cd0cc8568e6694ac32e72e8?s=96&d=mm&r=g","url":"https:\/\/secure.gravatar.com\/avatar\/d207a371da6f873c8cb1686796b22863569b35672cd0cc8568e6694ac32e72e8?s=96&d=mm&r=g","contentUrl":"https:\/\/secure.gravatar.com\/avatar\/d207a371da6f873c8cb1686796b22863569b35672cd0cc8568e6694ac32e72e8?s=96&d=mm&r=g","caption":"wise.travel"},"url":"https:\/\/wise.travel\/en\/author\/wise-travel\/"}]}},"_links":{"self":[{"href":"https:\/\/wise.travel\/en\/wp-json\/wp\/v2\/posts\/5820","targetHints":{"allow":["GET"]}}],"collection":[{"href":"https:\/\/wise.travel\/en\/wp-json\/wp\/v2\/posts"}],"about":[{"href":"https:\/\/wise.travel\/en\/wp-json\/wp\/v2\/types\/post"}],"author":[{"embeddable":true,"href":"https:\/\/wise.travel\/en\/wp-json\/wp\/v2\/users\/3"}],"replies":[{"embeddable":true,"href":"https:\/\/wise.travel\/en\/wp-json\/wp\/v2\/comments?post=5820"}],"version-history":[{"count":3,"href":"https:\/\/wise.travel\/en\/wp-json\/wp\/v2\/posts\/5820\/revisions"}],"predecessor-version":[{"id":5824,"href":"https:\/\/wise.travel\/en\/wp-json\/wp\/v2\/posts\/5820\/revisions\/5824"}],"wp:featuredmedia":[{"embeddable":true,"href":"https:\/\/wise.travel\/en\/wp-json\/wp\/v2\/media\/5821"}],"wp:attachment":[{"href":"https:\/\/wise.travel\/en\/wp-json\/wp\/v2\/media?parent=5820"}],"wp:term":[{"taxonomy":"category","embeddable":true,"href":"https:\/\/wise.travel\/en\/wp-json\/wp\/v2\/categories?post=5820"},{"taxonomy":"post_tag","embeddable":true,"href":"https:\/\/wise.travel\/en\/wp-json\/wp\/v2\/tags?post=5820"}],"curies":[{"name":"wp","href":"https:\/\/api.w.org\/{rel}","templated":true}]}}