{"id":5945,"date":"2025-05-13T14:58:59","date_gmt":"2025-05-13T10:58:59","guid":{"rendered":"https:\/\/wise.travel\/?p=5945"},"modified":"2025-05-13T14:58:59","modified_gmt":"2025-05-13T10:58:59","slug":"vacante-ieftine-in-europa-in-2025-destinatii-de-vis-la-preturi-accesibile","status":"publish","type":"post","link":"https:\/\/wise.travel\/en\/vacante-ieftine-in-europa-in-2025-destinatii-de-vis-la-preturi-accesibile\/","title":{"rendered":"Vacan\u021be Ieftine \u00een Europa \u00een 2025: Destina\u021bii de Vis la Pre\u021buri Accesibile"},"content":{"rendered":"<p style=\"text-align: justify;\"><span style=\"color: #000000;\"><strong>\ud83c\udf0d <\/strong><strong>\ud83d\udcb6\u2708\ufe0f <\/strong>Dac\u0103 visezi la o <strong>vacan\u021b\u0103 de neuitat \u00een Europa<\/strong>, dar f\u0103r\u0103 s\u0103-\u021bi gole\u0219ti contul, 2025 vine cu <strong>oferte excelente<\/strong> pentru destina\u021bii surprinz\u0103tor de accesibile! Europa este plin\u0103 de locuri fermec\u0103toare unde po\u021bi explora, te po\u021bi relaxa \u0219i te po\u021bi bucura de gastronomie delicioas\u0103 <strong>f\u0103r\u0103 s\u0103 cheltui o avere<\/strong>.<\/span><\/p>\n<p style=\"text-align: justify;\"><span style=\"color: #000000;\">Fie c\u0103 \u00ee\u021bi dore\u0219ti <strong>o escapad\u0103 la plaj\u0103, un city break cultural sau o aventur\u0103 \u00een natur\u0103<\/strong>, am selectat pentru tine <strong>cele mai ieftine destina\u021bii europene<\/strong> pentru 2025!<\/span><\/p>\n<h3><span style=\"color: #000000;\"><strong>\ud83d\udccd Cele mai ieftine destina\u021bii de vacan\u021b\u0103 din Europa \u00een 2025<\/strong><\/span><\/h3>\n<h4><span style=\"color: #000000;\"><strong>\u00a0 \u00a0 Bulgaria &#8211; Soare, Mare \u0219i Relaxare<\/strong><\/span><\/h4>\n<p><span style=\"color: #000000;\">\u2714 Sta\u021biuni accesibile pe litoralul M\u0103rii Negre: <strong>Sunny Beach, Albena, Nessebar<\/strong><\/span><br \/>\n<span style=\"color: #000000;\">\u2714 Cazare la hoteluri de 4* cu demipensiune de la <strong>30-40 \u20ac\/noapte<\/strong><\/span><br \/>\n<span style=\"color: #000000;\">\u2714 Buc\u0103t\u0103rie local\u0103 delicioas\u0103 \u0219i bere ieftin\u0103 (cina pentru dou\u0103 persoane: <strong>15-20 \u20ac<\/strong>)<\/span><br \/>\n<span style=\"color: #000000;\">\u2714 Plaje cu nisip fin, ape cristaline \u0219i via\u021b\u0103 de noapte activ\u0103<\/span><\/p>\n<h4><span style=\"color: #000000;\"><strong>\u00a0 \u00a0Polonia &#8211; City Break Cultural la Super Pre\u021b<\/strong><\/span><\/h4>\n<p><span style=\"color: #000000;\">\u2714 Ora\u0219e vibrante \u0219i istorice: <strong>Cracovia, Gda\u0144sk, Wroc\u0142aw<\/strong><\/span><br \/>\n<span style=\"color: #000000;\">\u2714 Cazare la hoteluri de 3-4* de la <strong>25-35 \u20ac\/noapte<\/strong><\/span><br \/>\n<span style=\"color: #000000;\">\u2714 Transport public ieftin, atrac\u021bii turistice accesibile \u0219i m\u00e2ncare tradi\u021bional\u0103 delicioas\u0103<\/span><br \/>\n<span style=\"color: #000000;\">\u2714 Bere artizanal\u0103 la doar <strong>2-3 \u20ac\/pahar<\/strong><\/span><\/p>\n<h4><span style=\"color: #000000;\"><strong>\u00a0 Ungaria &#8211; Budapesta, Perla Dun\u0103rii<\/strong><\/span><\/h4>\n<p><span style=\"color: #000000;\">\u2714 Ora\u0219 romantic, ideal pentru cupluri \u0219i prieteni<\/span><br \/>\n<span style=\"color: #000000;\">\u2714 Cazare la apartamente \u0219i hoteluri centrale de la <strong>30-45 \u20ac\/noapte<\/strong><\/span><br \/>\n<span style=\"color: #000000;\">\u2714 Celebrele b\u0103i termale \u0219i croaziere pe Dun\u0103re la pre\u021buri avantajoase<\/span><br \/>\n<span style=\"color: #000000;\">\u2714 O mas\u0103 copioas\u0103 la un restaurant local cost\u0103 doar <strong>10-15 \u20ac<\/strong><\/span><\/p>\n<h4><span style=\"color: #000000;\"><strong>\u00a0 Portugalia &#8211; Algarve \u0219i Porto la Super Oferte<\/strong><\/span><\/h4>\n<p><span style=\"color: #000000;\">\u2714 Clima perfect\u0103 \u0219i peisaje spectaculoase<\/span><br \/>\n<span style=\"color: #000000;\">\u2714 Zboruri low-cost din multe ora\u0219e europene<\/span><br \/>\n<span style=\"color: #000000;\">\u2714 Cazare \u00een guesthouse-uri \u0219i pensiuni de la <strong>20-35 \u20ac\/noapte<\/strong><\/span><br \/>\n<span style=\"color: #000000;\">\u2714 Plaje s\u0103lbatice, vinuri excelente \u0219i pe\u0219te proasp\u0103t la pre\u021buri decente<\/span><\/p>\n<h4><span style=\"color: #000000;\"><strong>\u00a0 Albania &#8211; Perla Ascuns\u0103 a Balcanilor<\/strong><\/span><\/h4>\n<p><span style=\"color: #000000;\">\u2714 Plaje exotice \u0219i ora\u0219e fermec\u0103toare: <strong>Ksamil, Dhermi, Berat<\/strong><\/span><br \/>\n<span style=\"color: #000000;\">\u2714 Cazare \u00een hoteluri de 3-4* de la <strong>25 \u20ac\/noapte<\/strong><\/span><br \/>\n<span style=\"color: #000000;\">\u2714 M\u00e2ncare tradi\u021bional\u0103 cu influen\u021be mediteraneene la pre\u021buri incredibil de mici<\/span><br \/>\n<span style=\"color: #000000;\">\u2714 Peisaje naturale uimitoare \u0219i costuri reduse la \u00eenchirieri auto \u0219i excursii<\/span><\/p>\n<h3><span style=\"color: #000000;\"><strong>\ud83d\udcb0 Cum s\u0103 economise\u0219ti bani \u00een vacan\u021ba ta european\u0103?<\/strong><\/span><\/h3>\n<p><span style=\"color: #000000;\">\ud83d\udd39 <strong>Caut\u0103 zboruri low-cost<\/strong> &#8211; Companii precum Ryanair, Wizz Air \u0219i easyJet ofer\u0103 bilete la pre\u021buri imbatabile.<\/span><br \/>\n<span style=\"color: #000000;\">\ud83d\udd39 <strong>Rezerv\u0103 cazarea din timp<\/strong> &#8211; G\u0103se\u0219ti oferte excelente pe platforme precum Booking sau Airbnb!<\/span><br \/>\n<span style=\"color: #000000;\">\ud83d\udd39 <strong>Folose\u0219te transportul public<\/strong> &#8211; \u00cen majoritatea ora\u0219elor europene, biletele de autobuz \u0219i metrou sunt foarte ieftine.<\/span><br \/>\n<span style=\"color: #000000;\">\ud83d\udd39 <strong>M\u0103n\u00e2nc\u0103 la localnici<\/strong> &#8211; Restaurantele tradi\u021bionale, pie\u021bele locale \u0219i street food-ul sunt mult mai accesibile dec\u00e2t restaurantele turistice.<\/span><\/p>\n<h3><span style=\"color: #000000;\"><strong>\ud83d\ude80 C\u0103l\u0103tore\u0219te inteligent cu WISE.travel!<\/strong><\/span><\/h3>\n<p style=\"text-align: justify;\"><span style=\"color: #000000;\">La <a href=\"https:\/\/wise.travel\/en\/\"><strong>WISE.travel<\/strong><\/a>, \u00ee\u021bi garant\u0103m <strong>cele mai bune oferte pentru vacan\u021be ieftine \u00een Europa<\/strong>, personalizate dup\u0103 bugetul \u0219i preferin\u021bele tale! <strong>Vrei s\u0103 explorezi cele mai frumoase locuri f\u0103r\u0103 s\u0103 cheltui o avere? <a href=\"https:\/\/wise.travel\/en\/solicita-oferta\/\">Contact us!<\/a> \u0219i noi ne ocup\u0103m de tot!<\/strong><\/span><\/p>\n<p style=\"text-align: justify;\"><span style=\"color: #000000;\">\ud83c\udf0d <strong>WISE.travel este parte din ADV Group Rom\u00e2nia, una dintre cele mai importante \u00eentreprinderi sociale din Europa. Aleg\u00e2nd s\u0103 c\u0103l\u0103tore\u0219ti cu noi, sus\u021bii economia social\u0103 \u0219i proiectele pentru incluziunea persoanelor cu dizabilit\u0103\u021bi.<\/strong> \ud83d\udc99\u267b<\/span><\/p>\n<p><span style=\"color: #000000;\">\ud83d\udccc <strong><a href=\"https:\/\/wise.travel\/en\/solicita-oferta\/\">Rezerv\u0103 acum<\/a> \u0219i descoper\u0103 Europa f\u0103r\u0103 stres \u0219i f\u0103r\u0103 costuri ascunse!<\/strong><\/span><\/p>","protected":false},"excerpt":{"rendered":"<p>\ud83c\udf0d \ud83d\udcb6\u2708\ufe0f Dac\u0103 visezi la o vacan\u021b\u0103 de neuitat \u00een Europa, dar f\u0103r\u0103 s\u0103-\u021bi gole\u0219ti contul, 2025 vine cu oferte excelente pentru destina\u021bii surprinz\u0103tor de accesibile! Europa este plin\u0103 de locuri fermec\u0103toare unde po\u021bi explora, te po\u021bi relaxa \u0219i te po\u021bi bucura de gastronomie delicioas\u0103 f\u0103r\u0103 s\u0103 cheltui o avere. Fie c\u0103 \u00ee\u021bi dore\u0219ti o [&#8230;]\n","protected":false},"author":3,"featured_media":5948,"comment_status":"closed","ping_status":"closed","sticky":false,"template":"","format":"standard","meta":{"inline_featured_image":false,"footnotes":""},"categories":[195],"tags":[208,324,267,272,305,727,306,739,726,740,194],"class_list":["post-5945","post","type-post","status-publish","format-standard","has-post-thumbnail","hentry","category-destinatii","tag-agentie-turism","tag-europa","tag-travel","tag-travel-broker","tag-vacanta","tag-vacanta-ieftina","tag-vacante","tag-vacante-2025","tag-vacante-ieftine","tag-vacante-ieftine-2025","tag-wise-travel"],"yoast_head":"<!-- This site is optimized with the Yoast SEO plugin v27.5 - https:\/\/yoast.com\/product\/yoast-seo-wordpress\/ -->\n<title>Vacan\u021be Ieftine \u00een Europa \u00een 2025: Destina\u021bii de Vis la Pre\u021buri Accesibile - WISE.travel<\/title>\n<meta name=\"description\" content=\"Dac\u0103 visezi la o vacan\u021b\u0103 de neuitat \u00een Europa, dar f\u0103r\u0103 s\u0103-\u021bi gole\u0219ti contul, 2025 vine cu oferte excelente pentru destina\u021bii surprinz\u0103tor de accesibile!\" \/>\n<meta name=\"robots\" content=\"index, follow, max-snippet:-1, max-image-preview:large, max-video-preview:-1\" \/>\n<link rel=\"canonical\" href=\"https:\/\/wise.travel\/en\/vacante-ieftine-in-europa-in-2025-destinatii-de-vis-la-preturi-accesibile\/\" \/>\n<meta property=\"og:locale\" content=\"en_US\" \/>\n<meta property=\"og:type\" content=\"article\" \/>\n<meta property=\"og:title\" content=\"Vacan\u021be Ieftine \u00een Europa \u00een 2025: Destina\u021bii de Vis la Pre\u021buri Accesibile - WISE.travel\" \/>\n<meta property=\"og:description\" content=\"Dac\u0103 visezi la o vacan\u021b\u0103 de neuitat \u00een Europa, dar f\u0103r\u0103 s\u0103-\u021bi gole\u0219ti contul, 2025 vine cu oferte excelente pentru destina\u021bii surprinz\u0103tor de accesibile!\" \/>\n<meta property=\"og:url\" content=\"https:\/\/wise.travel\/en\/vacante-ieftine-in-europa-in-2025-destinatii-de-vis-la-preturi-accesibile\/\" \/>\n<meta property=\"og:site_name\" content=\"WISE.travel\" \/>\n<meta property=\"article:published_time\" content=\"2025-05-13T10:58:59+00:00\" \/>\n<meta property=\"og:image\" content=\"https:\/\/wise.travel\/wp-content\/uploads\/2025\/05\/Vacante-Ieftine-in-Europa-in-2025-Destinatii-de-Vis-la-Preturi-Accesibile.png\" \/>\n\t<meta property=\"og:image:width\" content=\"940\" \/>\n\t<meta property=\"og:image:height\" content=\"524\" \/>\n\t<meta property=\"og:image:type\" content=\"image\/png\" \/>\n<meta name=\"author\" content=\"wise.travel\" \/>\n<meta name=\"twitter:card\" content=\"summary_large_image\" \/>\n<meta name=\"twitter:label1\" content=\"Written by\" \/>\n\t<meta name=\"twitter:data1\" content=\"wise.travel\" \/>\n\t<meta name=\"twitter:label2\" content=\"Est. reading time\" \/>\n\t<meta name=\"twitter:data2\" content=\"3 minutes\" \/>\n<script type=\"application\/ld+json\" class=\"yoast-schema-graph\">{\"@context\":\"https:\\\/\\\/schema.org\",\"@graph\":[{\"@type\":\"Article\",\"@id\":\"https:\\\/\\\/wise.travel\\\/vacante-ieftine-in-europa-in-2025-destinatii-de-vis-la-preturi-accesibile\\\/#article\",\"isPartOf\":{\"@id\":\"https:\\\/\\\/wise.travel\\\/vacante-ieftine-in-europa-in-2025-destinatii-de-vis-la-preturi-accesibile\\\/\"},\"author\":{\"name\":\"wise.travel\",\"@id\":\"https:\\\/\\\/wise.travel\\\/#\\\/schema\\\/person\\\/a74d3fe202902ab68a0e2f371fe62e49\"},\"headline\":\"Vacan\u021be Ieftine \u00een Europa \u00een 2025: Destina\u021bii de Vis la Pre\u021buri Accesibile\",\"datePublished\":\"2025-05-13T10:58:59+00:00\",\"mainEntityOfPage\":{\"@id\":\"https:\\\/\\\/wise.travel\\\/vacante-ieftine-in-europa-in-2025-destinatii-de-vis-la-preturi-accesibile\\\/\"},\"wordCount\":536,\"image\":{\"@id\":\"https:\\\/\\\/wise.travel\\\/vacante-ieftine-in-europa-in-2025-destinatii-de-vis-la-preturi-accesibile\\\/#primaryimage\"},\"thumbnailUrl\":\"https:\\\/\\\/wise.travel\\\/wp-content\\\/uploads\\\/2025\\\/05\\\/Vacante-Ieftine-in-Europa-in-2025-Destinatii-de-Vis-la-Preturi-Accesibile.png\",\"keywords\":[\"agentie turism\",\"Europa\",\"travel\",\"travel broker\",\"vacanta\",\"vacanta ieftina\",\"vacante\",\"vacante 2025\",\"vacante ieftine\",\"vacante ieftine 2025\",\"wise travel\"],\"articleSection\":[\"Destinatii\"],\"inLanguage\":\"en-US\"},{\"@type\":\"WebPage\",\"@id\":\"https:\\\/\\\/wise.travel\\\/vacante-ieftine-in-europa-in-2025-destinatii-de-vis-la-preturi-accesibile\\\/\",\"url\":\"https:\\\/\\\/wise.travel\\\/vacante-ieftine-in-europa-in-2025-destinatii-de-vis-la-preturi-accesibile\\\/\",\"name\":\"Vacan\u021be Ieftine \u00een Europa \u00een 2025: Destina\u021bii de Vis la Pre\u021buri Accesibile - WISE.travel\",\"isPartOf\":{\"@id\":\"https:\\\/\\\/wise.travel\\\/#website\"},\"primaryImageOfPage\":{\"@id\":\"https:\\\/\\\/wise.travel\\\/vacante-ieftine-in-europa-in-2025-destinatii-de-vis-la-preturi-accesibile\\\/#primaryimage\"},\"image\":{\"@id\":\"https:\\\/\\\/wise.travel\\\/vacante-ieftine-in-europa-in-2025-destinatii-de-vis-la-preturi-accesibile\\\/#primaryimage\"},\"thumbnailUrl\":\"https:\\\/\\\/wise.travel\\\/wp-content\\\/uploads\\\/2025\\\/05\\\/Vacante-Ieftine-in-Europa-in-2025-Destinatii-de-Vis-la-Preturi-Accesibile.png\",\"datePublished\":\"2025-05-13T10:58:59+00:00\",\"author\":{\"@id\":\"https:\\\/\\\/wise.travel\\\/#\\\/schema\\\/person\\\/a74d3fe202902ab68a0e2f371fe62e49\"},\"description\":\"Dac\u0103 visezi la o vacan\u021b\u0103 de neuitat \u00een Europa, dar f\u0103r\u0103 s\u0103-\u021bi gole\u0219ti contul, 2025 vine cu oferte excelente pentru destina\u021bii surprinz\u0103tor de accesibile!\",\"breadcrumb\":{\"@id\":\"https:\\\/\\\/wise.travel\\\/vacante-ieftine-in-europa-in-2025-destinatii-de-vis-la-preturi-accesibile\\\/#breadcrumb\"},\"inLanguage\":\"en-US\",\"potentialAction\":[{\"@type\":\"ReadAction\",\"target\":[\"https:\\\/\\\/wise.travel\\\/vacante-ieftine-in-europa-in-2025-destinatii-de-vis-la-preturi-accesibile\\\/\"]}]},{\"@type\":\"ImageObject\",\"inLanguage\":\"en-US\",\"@id\":\"https:\\\/\\\/wise.travel\\\/vacante-ieftine-in-europa-in-2025-destinatii-de-vis-la-preturi-accesibile\\\/#primaryimage\",\"url\":\"https:\\\/\\\/wise.travel\\\/wp-content\\\/uploads\\\/2025\\\/05\\\/Vacante-Ieftine-in-Europa-in-2025-Destinatii-de-Vis-la-Preturi-Accesibile.png\",\"contentUrl\":\"https:\\\/\\\/wise.travel\\\/wp-content\\\/uploads\\\/2025\\\/05\\\/Vacante-Ieftine-in-Europa-in-2025-Destinatii-de-Vis-la-Preturi-Accesibile.png\",\"width\":940,\"height\":524,\"caption\":\"Vacan\u021be Ieftine \u00een Europa \u00een 2025 Destina\u021bii de Vis la Pre\u021buri Accesibile\"},{\"@type\":\"BreadcrumbList\",\"@id\":\"https:\\\/\\\/wise.travel\\\/vacante-ieftine-in-europa-in-2025-destinatii-de-vis-la-preturi-accesibile\\\/#breadcrumb\",\"itemListElement\":[{\"@type\":\"ListItem\",\"position\":1,\"name\":\"Home\",\"item\":\"https:\\\/\\\/wise.travel\\\/\"},{\"@type\":\"ListItem\",\"position\":2,\"name\":\"Vacan\u021be Ieftine \u00een Europa \u00een 2025: Destina\u021bii de Vis la Pre\u021buri Accesibile\"}]},{\"@type\":\"WebSite\",\"@id\":\"https:\\\/\\\/wise.travel\\\/#website\",\"url\":\"https:\\\/\\\/wise.travel\\\/\",\"name\":\"WISE.travel\",\"description\":\"Agentie de turism\",\"potentialAction\":[{\"@type\":\"SearchAction\",\"target\":{\"@type\":\"EntryPoint\",\"urlTemplate\":\"https:\\\/\\\/wise.travel\\\/?s={search_term_string}\"},\"query-input\":{\"@type\":\"PropertyValueSpecification\",\"valueRequired\":true,\"valueName\":\"search_term_string\"}}],\"inLanguage\":\"en-US\"},{\"@type\":\"Person\",\"@id\":\"https:\\\/\\\/wise.travel\\\/#\\\/schema\\\/person\\\/a74d3fe202902ab68a0e2f371fe62e49\",\"name\":\"wise.travel\",\"image\":{\"@type\":\"ImageObject\",\"inLanguage\":\"en-US\",\"@id\":\"https:\\\/\\\/secure.gravatar.com\\\/avatar\\\/d207a371da6f873c8cb1686796b22863569b35672cd0cc8568e6694ac32e72e8?s=96&d=mm&r=g\",\"url\":\"https:\\\/\\\/secure.gravatar.com\\\/avatar\\\/d207a371da6f873c8cb1686796b22863569b35672cd0cc8568e6694ac32e72e8?s=96&d=mm&r=g\",\"contentUrl\":\"https:\\\/\\\/secure.gravatar.com\\\/avatar\\\/d207a371da6f873c8cb1686796b22863569b35672cd0cc8568e6694ac32e72e8?s=96&d=mm&r=g\",\"caption\":\"wise.travel\"},\"url\":\"https:\\\/\\\/wise.travel\\\/en\\\/author\\\/wise-travel\\\/\"}]}<\/script>\n<!-- \/ Yoast SEO plugin. -->","yoast_head_json":{"title":"Vacan\u021be Ieftine \u00een Europa \u00een 2025: Destina\u021bii de Vis la Pre\u021buri Accesibile - WISE.travel","description":"Dac\u0103 visezi la o vacan\u021b\u0103 de neuitat \u00een Europa, dar f\u0103r\u0103 s\u0103-\u021bi gole\u0219ti contul, 2025 vine cu oferte excelente pentru destina\u021bii surprinz\u0103tor de accesibile!","robots":{"index":"index","follow":"follow","max-snippet":"max-snippet:-1","max-image-preview":"max-image-preview:large","max-video-preview":"max-video-preview:-1"},"canonical":"https:\/\/wise.travel\/en\/vacante-ieftine-in-europa-in-2025-destinatii-de-vis-la-preturi-accesibile\/","og_locale":"en_US","og_type":"article","og_title":"Vacan\u021be Ieftine \u00een Europa \u00een 2025: Destina\u021bii de Vis la Pre\u021buri Accesibile - WISE.travel","og_description":"Dac\u0103 visezi la o vacan\u021b\u0103 de neuitat \u00een Europa, dar f\u0103r\u0103 s\u0103-\u021bi gole\u0219ti contul, 2025 vine cu oferte excelente pentru destina\u021bii surprinz\u0103tor de accesibile!","og_url":"https:\/\/wise.travel\/en\/vacante-ieftine-in-europa-in-2025-destinatii-de-vis-la-preturi-accesibile\/","og_site_name":"WISE.travel","article_published_time":"2025-05-13T10:58:59+00:00","og_image":[{"width":940,"height":524,"url":"https:\/\/wise.travel\/wp-content\/uploads\/2025\/05\/Vacante-Ieftine-in-Europa-in-2025-Destinatii-de-Vis-la-Preturi-Accesibile.png","type":"image\/png"}],"author":"wise.travel","twitter_card":"summary_large_image","twitter_misc":{"Written by":"wise.travel","Est. reading time":"3 minutes"},"schema":{"@context":"https:\/\/schema.org","@graph":[{"@type":"Article","@id":"https:\/\/wise.travel\/vacante-ieftine-in-europa-in-2025-destinatii-de-vis-la-preturi-accesibile\/#article","isPartOf":{"@id":"https:\/\/wise.travel\/vacante-ieftine-in-europa-in-2025-destinatii-de-vis-la-preturi-accesibile\/"},"author":{"name":"wise.travel","@id":"https:\/\/wise.travel\/#\/schema\/person\/a74d3fe202902ab68a0e2f371fe62e49"},"headline":"Vacan\u021be Ieftine \u00een Europa \u00een 2025: Destina\u021bii de Vis la Pre\u021buri Accesibile","datePublished":"2025-05-13T10:58:59+00:00","mainEntityOfPage":{"@id":"https:\/\/wise.travel\/vacante-ieftine-in-europa-in-2025-destinatii-de-vis-la-preturi-accesibile\/"},"wordCount":536,"image":{"@id":"https:\/\/wise.travel\/vacante-ieftine-in-europa-in-2025-destinatii-de-vis-la-preturi-accesibile\/#primaryimage"},"thumbnailUrl":"https:\/\/wise.travel\/wp-content\/uploads\/2025\/05\/Vacante-Ieftine-in-Europa-in-2025-Destinatii-de-Vis-la-Preturi-Accesibile.png","keywords":["agentie turism","Europa","travel","travel broker","vacanta","vacanta ieftina","vacante","vacante 2025","vacante ieftine","vacante ieftine 2025","wise travel"],"articleSection":["Destinatii"],"inLanguage":"en-US"},{"@type":"WebPage","@id":"https:\/\/wise.travel\/vacante-ieftine-in-europa-in-2025-destinatii-de-vis-la-preturi-accesibile\/","url":"https:\/\/wise.travel\/vacante-ieftine-in-europa-in-2025-destinatii-de-vis-la-preturi-accesibile\/","name":"Vacan\u021be Ieftine \u00een Europa \u00een 2025: Destina\u021bii de Vis la Pre\u021buri Accesibile - WISE.travel","isPartOf":{"@id":"https:\/\/wise.travel\/#website"},"primaryImageOfPage":{"@id":"https:\/\/wise.travel\/vacante-ieftine-in-europa-in-2025-destinatii-de-vis-la-preturi-accesibile\/#primaryimage"},"image":{"@id":"https:\/\/wise.travel\/vacante-ieftine-in-europa-in-2025-destinatii-de-vis-la-preturi-accesibile\/#primaryimage"},"thumbnailUrl":"https:\/\/wise.travel\/wp-content\/uploads\/2025\/05\/Vacante-Ieftine-in-Europa-in-2025-Destinatii-de-Vis-la-Preturi-Accesibile.png","datePublished":"2025-05-13T10:58:59+00:00","author":{"@id":"https:\/\/wise.travel\/#\/schema\/person\/a74d3fe202902ab68a0e2f371fe62e49"},"description":"Dac\u0103 visezi la o vacan\u021b\u0103 de neuitat \u00een Europa, dar f\u0103r\u0103 s\u0103-\u021bi gole\u0219ti contul, 2025 vine cu oferte excelente pentru destina\u021bii surprinz\u0103tor de accesibile!","breadcrumb":{"@id":"https:\/\/wise.travel\/vacante-ieftine-in-europa-in-2025-destinatii-de-vis-la-preturi-accesibile\/#breadcrumb"},"inLanguage":"en-US","potentialAction":[{"@type":"ReadAction","target":["https:\/\/wise.travel\/vacante-ieftine-in-europa-in-2025-destinatii-de-vis-la-preturi-accesibile\/"]}]},{"@type":"ImageObject","inLanguage":"en-US","@id":"https:\/\/wise.travel\/vacante-ieftine-in-europa-in-2025-destinatii-de-vis-la-preturi-accesibile\/#primaryimage","url":"https:\/\/wise.travel\/wp-content\/uploads\/2025\/05\/Vacante-Ieftine-in-Europa-in-2025-Destinatii-de-Vis-la-Preturi-Accesibile.png","contentUrl":"https:\/\/wise.travel\/wp-content\/uploads\/2025\/05\/Vacante-Ieftine-in-Europa-in-2025-Destinatii-de-Vis-la-Preturi-Accesibile.png","width":940,"height":524,"caption":"Vacan\u021be Ieftine \u00een Europa \u00een 2025 Destina\u021bii de Vis la Pre\u021buri Accesibile"},{"@type":"BreadcrumbList","@id":"https:\/\/wise.travel\/vacante-ieftine-in-europa-in-2025-destinatii-de-vis-la-preturi-accesibile\/#breadcrumb","itemListElement":[{"@type":"ListItem","position":1,"name":"Home","item":"https:\/\/wise.travel\/"},{"@type":"ListItem","position":2,"name":"Vacan\u021be Ieftine \u00een Europa \u00een 2025: Destina\u021bii de Vis la Pre\u021buri Accesibile"}]},{"@type":"WebSite","@id":"https:\/\/wise.travel\/#website","url":"https:\/\/wise.travel\/","name":"WISE.travel","description":"Agentie de turism","potentialAction":[{"@type":"SearchAction","target":{"@type":"EntryPoint","urlTemplate":"https:\/\/wise.travel\/?s={search_term_string}"},"query-input":{"@type":"PropertyValueSpecification","valueRequired":true,"valueName":"search_term_string"}}],"inLanguage":"en-US"},{"@type":"Person","@id":"https:\/\/wise.travel\/#\/schema\/person\/a74d3fe202902ab68a0e2f371fe62e49","name":"wise.travel","image":{"@type":"ImageObject","inLanguage":"en-US","@id":"https:\/\/secure.gravatar.com\/avatar\/d207a371da6f873c8cb1686796b22863569b35672cd0cc8568e6694ac32e72e8?s=96&d=mm&r=g","url":"https:\/\/secure.gravatar.com\/avatar\/d207a371da6f873c8cb1686796b22863569b35672cd0cc8568e6694ac32e72e8?s=96&d=mm&r=g","contentUrl":"https:\/\/secure.gravatar.com\/avatar\/d207a371da6f873c8cb1686796b22863569b35672cd0cc8568e6694ac32e72e8?s=96&d=mm&r=g","caption":"wise.travel"},"url":"https:\/\/wise.travel\/en\/author\/wise-travel\/"}]}},"_links":{"self":[{"href":"https:\/\/wise.travel\/en\/wp-json\/wp\/v2\/posts\/5945","targetHints":{"allow":["GET"]}}],"collection":[{"href":"https:\/\/wise.travel\/en\/wp-json\/wp\/v2\/posts"}],"about":[{"href":"https:\/\/wise.travel\/en\/wp-json\/wp\/v2\/types\/post"}],"author":[{"embeddable":true,"href":"https:\/\/wise.travel\/en\/wp-json\/wp\/v2\/users\/3"}],"replies":[{"embeddable":true,"href":"https:\/\/wise.travel\/en\/wp-json\/wp\/v2\/comments?post=5945"}],"version-history":[{"count":2,"href":"https:\/\/wise.travel\/en\/wp-json\/wp\/v2\/posts\/5945\/revisions"}],"predecessor-version":[{"id":5947,"href":"https:\/\/wise.travel\/en\/wp-json\/wp\/v2\/posts\/5945\/revisions\/5947"}],"wp:featuredmedia":[{"embeddable":true,"href":"https:\/\/wise.travel\/en\/wp-json\/wp\/v2\/media\/5948"}],"wp:attachment":[{"href":"https:\/\/wise.travel\/en\/wp-json\/wp\/v2\/media?parent=5945"}],"wp:term":[{"taxonomy":"category","embeddable":true,"href":"https:\/\/wise.travel\/en\/wp-json\/wp\/v2\/categories?post=5945"},{"taxonomy":"post_tag","embeddable":true,"href":"https:\/\/wise.travel\/en\/wp-json\/wp\/v2\/tags?post=5945"}],"curies":[{"name":"wp","href":"https:\/\/api.w.org\/{rel}","templated":true}]}}